{"id":2986,"date":"2024-06-19T10:38:18","date_gmt":"2024-06-19T08:38:18","guid":{"rendered":"https:\/\/www.rentago.it\/blog\/?p=2986"},"modified":"2024-06-19T10:38:18","modified_gmt":"2024-06-19T08:38:18","slug":"consumi-auto","status":"publish","type":"post","link":"https:\/\/www.rentago.it\/blog\/guide-e-consigli-utili\/consumi-auto\/","title":{"rendered":"Consumi auto: confronto tra alimentazioni e veicoli"},"content":{"rendered":"\t\t<div data-elementor-type=\"wp-post\" data-elementor-id=\"2986\" class=\"elementor elementor-2986\" data-elementor-post-type=\"post\">\n\t\t\t\t\t\t<section class=\"elementor-section elementor-top-section elementor-element elementor-element-3050fa06 elementor-section-boxed elementor-section-height-default elementor-section-height-default\" data-id=\"3050fa06\" data-element_type=\"section\">\n\t\t\t\t\t\t<div class=\"elementor-container elementor-column-gap-default\">\n\t\t\t\t\t<div class=\"elementor-column elementor-col-100 elementor-top-column elementor-element elementor-element-1f823475\" data-id=\"1f823475\" data-element_type=\"column\">\n\t\t\t<div class=\"elementor-widget-wrap elementor-element-populated\">\n\t\t\t\t\t\t<div class=\"elementor-element elementor-element-4d035c05 elementor-widget elementor-widget-text-editor\" data-id=\"4d035c05\" data-element_type=\"widget\" data-widget_type=\"text-editor.default\">\n\t\t\t\t<div class=\"elementor-widget-container\">\n\t\t\t<style>\/*! elementor - v3.19.0 - 28-02-2024 *\/\n.elementor-widget-text-editor.elementor-drop-cap-view-stacked .elementor-drop-cap{background-color:#69727d;color:#fff}.elementor-widget-text-editor.elementor-drop-cap-view-framed .elementor-drop-cap{color:#69727d;border:3px solid;background-color:transparent}.elementor-widget-text-editor:not(.elementor-drop-cap-view-default) .elementor-drop-cap{margin-top:8px}.elementor-widget-text-editor:not(.elementor-drop-cap-view-default) .elementor-drop-cap-letter{width:1em;height:1em}.elementor-widget-text-editor .elementor-drop-cap{float:left;text-align:center;line-height:1;font-size:50px}.elementor-widget-text-editor .elementor-drop-cap-letter{display:inline-block}<\/style>\t\t\t\t<h2>Benzina, diesel, GPL o elettrica: quale auto consuma meno?<\/h2><p>La scelta dell&#8217;<strong>auto che consuma meno<\/strong> dipende da diversi fattori, tra cui il tipo di alimentazione, la tecnologia del motore, lo stile di guida e le reali condizioni di utilizzo.<\/p><h3>Consumi auto Benzina<\/h3><p>Le auto a <strong>benzina<\/strong> sono ancora le pi\u00f9 diffuse, ma non necessariamente le pi\u00f9 efficienti. I modelli pi\u00f9 recenti con motori <strong>ibridi<\/strong> o <strong>mild hybrid<\/strong> riescono a contenere i consumi auto, soprattutto in citt\u00e0 consentendo ai propri guidatori di riuscire a risparmiare notevolmente riuscendo a colmare l&#8217;aumento dei costi della benzina.<\/p><h3>Consumi auto Diesel<\/h3><p>I motori <strong>diesel<\/strong> sono generalmente pi\u00f9 efficienti dei benzina, soprattutto per percorsi lunghi e autostradali. Tuttavia, le emissioni di <strong>NOx<\/strong> e <strong>PM<\/strong> possono essere un problema per l&#8217;ambiente, soprattutto nei centri urbani. La tendenza negli ultimi anni \u00e8 quella di bloccare questa tipologia di veicoli che non sono pi\u00f9 liberi di circolare in centro citt\u00e0 o nei giorni festivi.<\/p><h3>Consumi auto GPL<\/h3><p>Il <strong>GPL<\/strong> \u00e8 un&#8217;alternativa interessante per chi cerca un risparmio sul carburante. I costi consumi auto sono inferiori rispetto alla benzina e al diesel, ma la rete di distributori \u00e8 meno capillare.<\/p><h3>Consumi auto Elettrica<\/h3><p>Le <strong>auto elettriche<\/strong> sono la scelta pi\u00f9 ecologica e offrono consumi auto pari a zero. Tuttavia, il costo di acquisto \u00e8 ancora elevato e l&#8217;autonomia \u00e8 limitata rispetto alle auto tradizionali. Attualmente il principale problema rimane l&#8217;autonomia e, perci\u00f2, il chilometraggio raggiungibile con una ricarica che risulta essere ancora troppo basso rispetto al costo d&#8217;investimento sull&#8217;auto.<\/p><p>Se vuoi approfondire l&#8217;argomento sulle ricariche delle auto elettriche ti consigliamo la lettura dei seguenti articoli: <strong><a href=\"https:\/\/www.rentago.it\/blog\/elettrico-green\/batterie-auto-elettriche\/\" target=\"_blank\" rel=\"noopener\">&#8220;Batterie auto elettriche: durata, costi, manutenzione e consigli&#8221;<\/a> <\/strong>e <a href=\"https:\/\/www.rentago.it\/blog\/elettrico-green\/colonnine-di-ricarica-per-auto-elettriche\/\" target=\"_blank\" rel=\"noopener\"><strong>&#8220;Colonnine di ricarica per auto elettriche: guida completa&#8221;<\/strong><\/a><\/p>\t\t\t\t\t\t<\/div>\n\t\t\t\t<\/div>\n\t\t\t\t<div class=\"elementor-element elementor-element-04f8a66 elementor-widget elementor-widget-text-editor\" data-id=\"04f8a66\" data-element_type=\"widget\" data-widget_type=\"text-editor.default\">\n\t\t\t\t<div class=\"elementor-widget-container\">\n\t\t\t\t\t\t\t<h2 style=\"font-family: neue-haas-grotesk-text, sans-serif; color: #2b2b2b; letter-spacing: 0.16px;\">Classifica delle auto che consumano meno<\/h2><p style=\"letter-spacing: 0.16px;\">Ogni anno vengono stilate\u00a0<span style=\"font-weight: bolder;\">classifiche delle auto che consumano meno<\/span>, suddivise per tipologia di alimentazione. Queste classifiche possono essere un buon punto di partenza per la scelta del modello pi\u00f9 efficiente.<\/p><h3 style=\"font-family: neue-haas-grotesk-text, sans-serif; color: #2b2b2b; letter-spacing: 0.16px;\">Migliori auto a Benzina per consumo<\/h3><p style=\"letter-spacing: 0.16px;\">Tra le\u00a0<span style=\"font-weight: bolder;\">auto a <a href=\"https:\/\/www.rentago.it\/noleggio-a-lungo-termine\/?p0=benzina&amp;p1=ibrida&amp;p2=ibrida_plugin\" target=\"_blank\" rel=\"noopener\">benzina<\/a> che consumano meno<\/span>\u00a0troviamo:<\/p>\t\t\t\t\t\t<\/div>\n\t\t\t\t<\/div>\n\t\t\t\t<section class=\"elementor-section elementor-inner-section elementor-element elementor-element-e555096 elementor-section-boxed elementor-section-height-default elementor-section-height-default\" data-id=\"e555096\" data-element_type=\"section\">\n\t\t\t\t\t\t<div class=\"elementor-container elementor-column-gap-default\">\n\t\t\t\t\t<div class=\"elementor-column elementor-col-50 elementor-inner-column elementor-element elementor-element-f3b4363\" data-id=\"f3b4363\" data-element_type=\"column\">\n\t\t\t<div class=\"elementor-widget-wrap elementor-element-populated\">\n\t\t\t\t\t\t<div class=\"elementor-element elementor-element-8b7120b elementor-widget elementor-widget-image\" data-id=\"8b7120b\" data-element_type=\"widget\" data-widget_type=\"image.default\">\n\t\t\t\t<div class=\"elementor-widget-container\">\n\t\t\t<style>\/*! elementor - v3.19.0 - 28-02-2024 *\/\n.elementor-widget-image{text-align:center}.elementor-widget-image a{display:inline-block}.elementor-widget-image a img[src$=\".svg\"]{width:48px}.elementor-widget-image img{vertical-align:middle;display:inline-block}<\/style>\t\t\t\t\t\t\t\t\t\t<img fetchpriority=\"high\" decoding=\"async\" width=\"800\" height=\"500\" src=\"https:\/\/www.rentago.it\/blog\/wp-content\/uploads\/2024\/06\/getImage-33.jpeg\" class=\"attachment-full size-full wp-image-2989\" alt=\"\" srcset=\"https:\/\/www.rentago.it\/blog\/wp-content\/uploads\/2024\/06\/getImage-33.jpeg 800w, https:\/\/www.rentago.it\/blog\/wp-content\/uploads\/2024\/06\/getImage-33-300x188.jpeg 300w, https:\/\/www.rentago.it\/blog\/wp-content\/uploads\/2024\/06\/getImage-33-768x480.jpeg 768w\" sizes=\"(max-width: 800px) 100vw, 800px\" \/>\t\t\t\t\t\t\t\t\t\t\t\t\t<\/div>\n\t\t\t\t<\/div>\n\t\t\t\t\t<\/div>\n\t\t<\/div>\n\t\t\t\t<div class=\"elementor-column elementor-col-50 elementor-inner-column elementor-element elementor-element-e77682c\" data-id=\"e77682c\" data-element_type=\"column\">\n\t\t\t<div class=\"elementor-widget-wrap elementor-element-populated\">\n\t\t\t\t\t\t<div class=\"elementor-element elementor-element-22652f8 elementor-widget elementor-widget-price-table\" data-id=\"22652f8\" data-element_type=\"widget\" data-widget_type=\"price-table.default\">\n\t\t\t\t<div class=\"elementor-widget-container\">\n\t\t\t<style>\/*! elementor-pro - v3.16.0 - 20-09-2023 *\/\n.elementor-widget-price-list .elementor-price-list{list-style:none;padding:0;margin:0}.elementor-widget-price-list .elementor-price-list li{margin:0}.elementor-price-list li:not(:last-child){margin-bottom:20px}.elementor-price-list .elementor-price-list-image{max-width:50%;flex-shrink:0;padding-right:25px}.elementor-price-list .elementor-price-list-image img{width:100%}.elementor-price-list .elementor-price-list-header,.elementor-price-list .elementor-price-list-item,.elementor-price-list .elementor-price-list-text{display:flex}.elementor-price-list .elementor-price-list-item{align-items:flex-start}.elementor-price-list .elementor-price-list-item .elementor-price-list-text{align-items:flex-start;flex-wrap:wrap;flex-grow:1}.elementor-price-list .elementor-price-list-item .elementor-price-list-header{align-items:center;flex-basis:100%;font-size:19px;font-weight:600;margin-bottom:10px;justify-content:space-between}.elementor-price-list .elementor-price-list-item .elementor-price-list-title{max-width:80%}.elementor-price-list .elementor-price-list-item .elementor-price-list-price{font-weight:600}.elementor-price-list .elementor-price-list-item p.elementor-price-list-description{flex-basis:100%;font-size:14px;margin:0}.elementor-price-list .elementor-price-list-item .elementor-price-list-separator{flex-grow:1;margin-left:10px;margin-right:10px;border-bottom-style:dotted;border-bottom-width:2px;height:0}.elementor-price-table{text-align:center}.elementor-price-table .elementor-price-table__header{background:var(--e-price-table-header-background-color,#555);padding:20px 0}.elementor-price-table .elementor-price-table__heading{margin:0;padding:0;line-height:1.2;font-size:24px;font-weight:600;color:#fff}.elementor-price-table .elementor-price-table__subheading{font-size:13px;font-weight:400;color:#fff}.elementor-price-table .elementor-price-table__original-price{margin-right:15px;text-decoration:line-through;font-size:.5em;line-height:1;font-weight:400;align-self:center}.elementor-price-table .elementor-price-table__original-price .elementor-price-table__currency{font-size:1em;margin:0}.elementor-price-table .elementor-price-table__price{display:flex;justify-content:center;align-items:center;flex-wrap:wrap;flex-direction:row;color:#555;font-weight:800;font-size:65px;padding:40px 0}.elementor-price-table .elementor-price-table__price .elementor-typo-excluded{line-height:normal;letter-spacing:normal;text-transform:none;font-weight:400;font-size:medium;font-style:normal}.elementor-price-table .elementor-price-table__after-price{display:flex;flex-wrap:wrap;text-align:start;align-self:stretch;align-items:flex-start;flex-direction:column}.elementor-price-table .elementor-price-table__integer-part{line-height:.8}.elementor-price-table .elementor-price-table__currency,.elementor-price-table .elementor-price-table__fractional-part{line-height:1;font-size:.3em}.elementor-price-table .elementor-price-table__currency{margin-right:3px}.elementor-price-table .elementor-price-table__period{width:100%;font-size:13px;font-weight:400}.elementor-price-table .elementor-price-table__features-list{list-style-type:none;margin:0;padding:0;line-height:1;color:var(--e-price-table-features-list-color)}.elementor-price-table .elementor-price-table__features-list li{font-size:14px;line-height:1;margin:0;padding:0}.elementor-price-table .elementor-price-table__features-list li .elementor-price-table__feature-inner{margin-left:15px;margin-right:15px}.elementor-price-table .elementor-price-table__features-list li:not(:first-child):before{content:\"\";display:block;border:0 solid hsla(0,0%,47.8%,.3);margin:10px 12.5%}.elementor-price-table .elementor-price-table__features-list i{margin-right:10px;font-size:1.3em}.elementor-price-table .elementor-price-table__features-list svg{margin-right:10px;fill:var(--e-price-table-features-list-color);height:1.3em;width:1.3em}.elementor-price-table .elementor-price-table__features-list svg~*{vertical-align:text-top}.elementor-price-table .elementor-price-table__footer{padding:30px 0}.elementor-price-table .elementor-price-table__additional_info{margin:0;font-size:13px;line-height:1.4}.elementor-price-table__ribbon{position:absolute;top:0;left:auto;right:0;transform:rotate(90deg);width:150px;overflow:hidden;height:150px}.elementor-price-table__ribbon-inner{text-align:center;left:0;width:200%;transform:translateY(-50%) translateX(-50%) translateX(35px) rotate(-45deg);margin-top:35px;font-size:13px;line-height:2;font-weight:800;text-transform:uppercase;background:#000}.elementor-price-table__ribbon.elementor-ribbon-left{transform:rotate(0);left:0;right:auto}.elementor-price-table__ribbon.elementor-ribbon-right{transform:rotate(90deg);left:auto;right:0}.elementor-widget-price-table .elementor-widget-container{overflow:hidden;background-color:#f9fafa}.e-con-inner>.elementor-widget-price-list,.e-con>.elementor-widget-price-list{width:var(--container-widget-width);--flex-grow:var(--container-widget-flex-grow)}<\/style>\n\t\t<div class=\"elementor-price-table\">\n\t\t\t\t\t\t\t<div class=\"elementor-price-table__header\">\n\t\t\t\t\t\t\t\t\t\t\t<h3 class=\"elementor-price-table__heading\">\n\t\t\t\t\t\tToyota Yaris Hybrid\t\t\t\t\t\t<\/h3>\n\t\t\t\t\t\n\t\t\t\t\t\t\t\t\t\t\t<span class=\"elementor-price-table__subheading\">\n\t\t\t\t\t\t\tNoleggio Lungo Termine\t\t\t\t\t\t<\/span>\n\t\t\t\t\t\t\t\t\t<\/div>\n\t\t\t\n\t\t\t<div class=\"elementor-price-table__price\">\n\t\t\t\t\t\t\t\t<span class=\"elementor-price-table__currency\">&#128;<\/span>\t\t\t\t\t\t\t\t\t<span class=\"elementor-price-table__integer-part\">\n\t\t\t\t\t\t189\t\t\t\t\t<\/span>\n\t\t\t\t\n\t\t\t\t\n\t\t\t\t\n\t\t\t\t\t\t\t\t\t<span class=\"elementor-price-table__period elementor-typo-excluded\">al mese IVA esclusa<\/span>\t\t\t\t\t\t\t<\/div>\n\n\t\t\t\t\t\t\t<ul class=\"elementor-price-table__features-list\">\n\t\t\t\t\t\t\t\t\t\t\t<li class=\"elementor-repeater-item-852e2b8\">\n\t\t\t\t\t\t\t<div class=\"elementor-price-table__feature-inner\">\n\t\t\t\t\t\t\t\t<i aria-hidden=\"true\" class=\"fas fa-exclamation-triangle\"><\/i>\t\t\t\t\t\t\t\t\t\t\t\t\t\t\t\t\t<span >\n\t\t\t\t\t\t\t\t\t\ti prezzi vengono aggiornati settimanalmente\t\t\t\t\t\t\t\t\t<\/span>\n\t\t\t\t\t\t\t\t\t\t\t\t\t\t\t\t<\/div>\n\t\t\t\t\t\t<\/li>\n\t\t\t\t\t\t\t\t\t<\/ul>\n\t\t\t\n\t\t\t\t\t\t\t<div class=\"elementor-price-table__footer\">\n\t\t\t\t\t\t\t\t\t\t\t<a class=\"elementor-price-table__button elementor-button elementor-size-md\" href=\"https:\/\/www.rentago.it\/noleggio-a-lungo-termine\/veicolo\/498\/toyota\/yaris\">\n\t\t\t\t\t\t\tScopri le offerte\t\t\t\t\t\t<\/a>\n\t\t\t\t\t\n\t\t\t\t\t\t\t\t\t<\/div>\n\t\t\t\t\t<\/div>\n\n\t\t\t\t<\/div>\n\t\t\t\t<\/div>\n\t\t\t\t\t<\/div>\n\t\t<\/div>\n\t\t\t\t\t<\/div>\n\t\t<\/section>\n\t\t\t\t<section class=\"elementor-section elementor-inner-section elementor-element elementor-element-e33e221 elementor-section-boxed elementor-section-height-default elementor-section-height-default\" data-id=\"e33e221\" data-element_type=\"section\">\n\t\t\t\t\t\t<div class=\"elementor-container elementor-column-gap-default\">\n\t\t\t\t\t<div class=\"elementor-column elementor-col-50 elementor-inner-column elementor-element elementor-element-027a084\" data-id=\"027a084\" data-element_type=\"column\">\n\t\t\t<div class=\"elementor-widget-wrap elementor-element-populated\">\n\t\t\t\t\t\t<div class=\"elementor-element elementor-element-e264380 elementor-widget elementor-widget-image\" data-id=\"e264380\" data-element_type=\"widget\" data-widget_type=\"image.default\">\n\t\t\t\t<div class=\"elementor-widget-container\">\n\t\t\t\t\t\t\t\t\t\t\t\t\t<img decoding=\"async\" width=\"800\" height=\"500\" src=\"https:\/\/www.rentago.it\/blog\/wp-content\/uploads\/2024\/06\/getImage-34.jpeg\" class=\"attachment-full size-full wp-image-2990\" alt=\"Consumi auto\" srcset=\"https:\/\/www.rentago.it\/blog\/wp-content\/uploads\/2024\/06\/getImage-34.jpeg 800w, https:\/\/www.rentago.it\/blog\/wp-content\/uploads\/2024\/06\/getImage-34-300x188.jpeg 300w, https:\/\/www.rentago.it\/blog\/wp-content\/uploads\/2024\/06\/getImage-34-768x480.jpeg 768w\" sizes=\"(max-width: 800px) 100vw, 800px\" \/>\t\t\t\t\t\t\t\t\t\t\t\t\t<\/div>\n\t\t\t\t<\/div>\n\t\t\t\t\t<\/div>\n\t\t<\/div>\n\t\t\t\t<div class=\"elementor-column elementor-col-50 elementor-inner-column elementor-element elementor-element-b2d104a\" data-id=\"b2d104a\" data-element_type=\"column\">\n\t\t\t<div class=\"elementor-widget-wrap elementor-element-populated\">\n\t\t\t\t\t\t<div class=\"elementor-element elementor-element-ddc8a71 elementor-widget elementor-widget-price-table\" data-id=\"ddc8a71\" data-element_type=\"widget\" data-widget_type=\"price-table.default\">\n\t\t\t\t<div class=\"elementor-widget-container\">\n\t\t\t\n\t\t<div class=\"elementor-price-table\">\n\t\t\t\t\t\t\t<div class=\"elementor-price-table__header\">\n\t\t\t\t\t\t\t\t\t\t\t<h3 class=\"elementor-price-table__heading\">\n\t\t\t\t\t\tMazda 2 Hybrid\t\t\t\t\t\t<\/h3>\n\t\t\t\t\t\n\t\t\t\t\t\t\t\t\t\t\t<span class=\"elementor-price-table__subheading\">\n\t\t\t\t\t\t\tNoleggio Lungo Termine\t\t\t\t\t\t<\/span>\n\t\t\t\t\t\t\t\t\t<\/div>\n\t\t\t\n\t\t\t<div class=\"elementor-price-table__price\">\n\t\t\t\t\t\t\t\t<span class=\"elementor-price-table__currency\">&#128;<\/span>\t\t\t\t\t\t\t\t\t<span class=\"elementor-price-table__integer-part\">\n\t\t\t\t\t\t189\t\t\t\t\t<\/span>\n\t\t\t\t\n\t\t\t\t\n\t\t\t\t\n\t\t\t\t\t\t\t\t\t<span class=\"elementor-price-table__period elementor-typo-excluded\">al mese IVA esclusa<\/span>\t\t\t\t\t\t\t<\/div>\n\n\t\t\t\t\t\t\t<ul class=\"elementor-price-table__features-list\">\n\t\t\t\t\t\t\t\t\t\t\t<li class=\"elementor-repeater-item-852e2b8\">\n\t\t\t\t\t\t\t<div class=\"elementor-price-table__feature-inner\">\n\t\t\t\t\t\t\t\t<i aria-hidden=\"true\" class=\"fas fa-exclamation-triangle\"><\/i>\t\t\t\t\t\t\t\t\t\t\t\t\t\t\t\t\t<span >\n\t\t\t\t\t\t\t\t\t\ti prezzi vengono aggiornati settimanalmente\t\t\t\t\t\t\t\t\t<\/span>\n\t\t\t\t\t\t\t\t\t\t\t\t\t\t\t\t<\/div>\n\t\t\t\t\t\t<\/li>\n\t\t\t\t\t\t\t\t\t<\/ul>\n\t\t\t\n\t\t\t\t\t\t\t<div class=\"elementor-price-table__footer\">\n\t\t\t\t\t\t\t\t\t\t\t<a class=\"elementor-price-table__button elementor-button elementor-size-md\" href=\"https:\/\/www.rentago.it\/noleggio-a-lungo-termine\/veicolo\/531\/mazda\/mazda2\">\n\t\t\t\t\t\t\tScopri le offerte\t\t\t\t\t\t<\/a>\n\t\t\t\t\t\n\t\t\t\t\t\t\t\t\t<\/div>\n\t\t\t\t\t<\/div>\n\n\t\t\t\t<\/div>\n\t\t\t\t<\/div>\n\t\t\t\t\t<\/div>\n\t\t<\/div>\n\t\t\t\t\t<\/div>\n\t\t<\/section>\n\t\t\t\t<div class=\"elementor-element elementor-element-8c35611 elementor-widget elementor-widget-spacer\" data-id=\"8c35611\" data-element_type=\"widget\" data-widget_type=\"spacer.default\">\n\t\t\t\t<div class=\"elementor-widget-container\">\n\t\t\t<style>\/*! elementor - v3.19.0 - 28-02-2024 *\/\n.elementor-column .elementor-spacer-inner{height:var(--spacer-size)}.e-con{--container-widget-width:100%}.e-con-inner>.elementor-widget-spacer,.e-con>.elementor-widget-spacer{width:var(--container-widget-width,var(--spacer-size));--align-self:var(--container-widget-align-self,initial);--flex-shrink:0}.e-con-inner>.elementor-widget-spacer>.elementor-widget-container,.e-con>.elementor-widget-spacer>.elementor-widget-container{height:100%;width:100%}.e-con-inner>.elementor-widget-spacer>.elementor-widget-container>.elementor-spacer,.e-con>.elementor-widget-spacer>.elementor-widget-container>.elementor-spacer{height:100%}.e-con-inner>.elementor-widget-spacer>.elementor-widget-container>.elementor-spacer>.elementor-spacer-inner,.e-con>.elementor-widget-spacer>.elementor-widget-container>.elementor-spacer>.elementor-spacer-inner{height:var(--container-widget-height,var(--spacer-size))}.e-con-inner>.elementor-widget-spacer.elementor-widget-empty,.e-con>.elementor-widget-spacer.elementor-widget-empty{position:relative;min-height:22px;min-width:22px}.e-con-inner>.elementor-widget-spacer.elementor-widget-empty .elementor-widget-empty-icon,.e-con>.elementor-widget-spacer.elementor-widget-empty .elementor-widget-empty-icon{position:absolute;top:0;bottom:0;left:0;right:0;margin:auto;padding:0;width:22px;height:22px}<\/style>\t\t<div class=\"elementor-spacer\">\n\t\t\t<div class=\"elementor-spacer-inner\"><\/div>\n\t\t<\/div>\n\t\t\t\t<\/div>\n\t\t\t\t<\/div>\n\t\t\t\t<div class=\"elementor-element elementor-element-5b54547 elementor-widget elementor-widget-text-editor\" data-id=\"5b54547\" data-element_type=\"widget\" data-widget_type=\"text-editor.default\">\n\t\t\t\t<div class=\"elementor-widget-container\">\n\t\t\t\t\t\t\t<div><span style=\"font-size: 21px; letter-spacing: 0.16px;\">Migliori auto Diesel per consumo<\/span><\/div><p style=\"letter-spacing: 0.16px;\">Tra le\u00a0<span style=\"font-weight: bolder;\">auto <a href=\"https:\/\/www.rentago.it\/noleggio-a-lungo-termine\/diesel\" target=\"_blank\" rel=\"noopener\">diesel<\/a> che consumano meno<\/span>\u00a0troviamo:<\/p>\t\t\t\t\t\t<\/div>\n\t\t\t\t<\/div>\n\t\t\t\t<section class=\"elementor-section elementor-inner-section elementor-element elementor-element-256e5f3 elementor-section-boxed elementor-section-height-default elementor-section-height-default\" data-id=\"256e5f3\" data-element_type=\"section\">\n\t\t\t\t\t\t<div class=\"elementor-container elementor-column-gap-default\">\n\t\t\t\t\t<div class=\"elementor-column elementor-col-50 elementor-inner-column elementor-element elementor-element-671d8a4\" data-id=\"671d8a4\" data-element_type=\"column\">\n\t\t\t<div class=\"elementor-widget-wrap elementor-element-populated\">\n\t\t\t\t\t\t<div class=\"elementor-element elementor-element-e52bcb4 elementor-widget elementor-widget-image\" data-id=\"e52bcb4\" data-element_type=\"widget\" data-widget_type=\"image.default\">\n\t\t\t\t<div class=\"elementor-widget-container\">\n\t\t\t\t\t\t\t\t\t\t\t\t\t<img decoding=\"async\" width=\"800\" height=\"500\" src=\"https:\/\/www.rentago.it\/blog\/wp-content\/uploads\/2024\/06\/getImage-35.jpeg\" class=\"attachment-full size-full wp-image-2991\" alt=\"\" srcset=\"https:\/\/www.rentago.it\/blog\/wp-content\/uploads\/2024\/06\/getImage-35.jpeg 800w, https:\/\/www.rentago.it\/blog\/wp-content\/uploads\/2024\/06\/getImage-35-300x188.jpeg 300w, https:\/\/www.rentago.it\/blog\/wp-content\/uploads\/2024\/06\/getImage-35-768x480.jpeg 768w\" sizes=\"(max-width: 800px) 100vw, 800px\" \/>\t\t\t\t\t\t\t\t\t\t\t\t\t<\/div>\n\t\t\t\t<\/div>\n\t\t\t\t\t<\/div>\n\t\t<\/div>\n\t\t\t\t<div class=\"elementor-column elementor-col-50 elementor-inner-column elementor-element elementor-element-9e1d2c3\" data-id=\"9e1d2c3\" data-element_type=\"column\">\n\t\t\t<div class=\"elementor-widget-wrap elementor-element-populated\">\n\t\t\t\t\t\t<div class=\"elementor-element elementor-element-182f9ec elementor-widget elementor-widget-price-table\" data-id=\"182f9ec\" data-element_type=\"widget\" data-widget_type=\"price-table.default\">\n\t\t\t\t<div class=\"elementor-widget-container\">\n\t\t\t\n\t\t<div class=\"elementor-price-table\">\n\t\t\t\t\t\t\t<div class=\"elementor-price-table__header\">\n\t\t\t\t\t\t\t\t\t\t\t<h3 class=\"elementor-price-table__heading\">\n\t\t\t\t\t\tDacia Duster\t\t\t\t\t\t<\/h3>\n\t\t\t\t\t\n\t\t\t\t\t\t\t\t\t\t\t<span class=\"elementor-price-table__subheading\">\n\t\t\t\t\t\t\tNoleggio Lungo Termine\t\t\t\t\t\t<\/span>\n\t\t\t\t\t\t\t\t\t<\/div>\n\t\t\t\n\t\t\t<div class=\"elementor-price-table__price\">\n\t\t\t\t\t\t\t\t<span class=\"elementor-price-table__currency\">&#128;<\/span>\t\t\t\t\t\t\t\t\t<span class=\"elementor-price-table__integer-part\">\n\t\t\t\t\t\t316\t\t\t\t\t<\/span>\n\t\t\t\t\n\t\t\t\t\n\t\t\t\t\n\t\t\t\t\t\t\t\t\t<span class=\"elementor-price-table__period elementor-typo-excluded\">al mese IVA esclusa<\/span>\t\t\t\t\t\t\t<\/div>\n\n\t\t\t\t\t\t\t<ul class=\"elementor-price-table__features-list\">\n\t\t\t\t\t\t\t\t\t\t\t<li class=\"elementor-repeater-item-852e2b8\">\n\t\t\t\t\t\t\t<div class=\"elementor-price-table__feature-inner\">\n\t\t\t\t\t\t\t\t<i aria-hidden=\"true\" class=\"fas fa-exclamation-triangle\"><\/i>\t\t\t\t\t\t\t\t\t\t\t\t\t\t\t\t\t<span >\n\t\t\t\t\t\t\t\t\t\ti prezzi vengono aggiornati settimanalmente\t\t\t\t\t\t\t\t\t<\/span>\n\t\t\t\t\t\t\t\t\t\t\t\t\t\t\t\t<\/div>\n\t\t\t\t\t\t<\/li>\n\t\t\t\t\t\t\t\t\t<\/ul>\n\t\t\t\n\t\t\t\t\t\t\t<div class=\"elementor-price-table__footer\">\n\t\t\t\t\t\t\t\t\t\t\t<a class=\"elementor-price-table__button elementor-button elementor-size-md\" href=\"https:\/\/www.rentago.it\/noleggio-a-lungo-termine\/veicolo\/285\/dacia\/duster\">\n\t\t\t\t\t\t\tScopri le offerte\t\t\t\t\t\t<\/a>\n\t\t\t\t\t\n\t\t\t\t\t\t\t\t\t<\/div>\n\t\t\t\t\t<\/div>\n\n\t\t\t\t<\/div>\n\t\t\t\t<\/div>\n\t\t\t\t\t<\/div>\n\t\t<\/div>\n\t\t\t\t\t<\/div>\n\t\t<\/section>\n\t\t\t\t<section class=\"elementor-section elementor-inner-section elementor-element elementor-element-a48e47c elementor-section-boxed elementor-section-height-default elementor-section-height-default\" data-id=\"a48e47c\" data-element_type=\"section\">\n\t\t\t\t\t\t<div class=\"elementor-container elementor-column-gap-default\">\n\t\t\t\t\t<div class=\"elementor-column elementor-col-50 elementor-inner-column elementor-element elementor-element-2880e4a\" data-id=\"2880e4a\" data-element_type=\"column\">\n\t\t\t<div class=\"elementor-widget-wrap elementor-element-populated\">\n\t\t\t\t\t\t<div class=\"elementor-element elementor-element-d6f91cb elementor-widget elementor-widget-image\" data-id=\"d6f91cb\" data-element_type=\"widget\" data-widget_type=\"image.default\">\n\t\t\t\t<div class=\"elementor-widget-container\">\n\t\t\t\t\t\t\t\t\t\t\t\t\t<img loading=\"lazy\" decoding=\"async\" width=\"800\" height=\"500\" src=\"https:\/\/www.rentago.it\/blog\/wp-content\/uploads\/2024\/06\/getImage-36.jpeg\" class=\"attachment-full size-full wp-image-2992\" alt=\"Consumi auto\" srcset=\"https:\/\/www.rentago.it\/blog\/wp-content\/uploads\/2024\/06\/getImage-36.jpeg 800w, https:\/\/www.rentago.it\/blog\/wp-content\/uploads\/2024\/06\/getImage-36-300x188.jpeg 300w, https:\/\/www.rentago.it\/blog\/wp-content\/uploads\/2024\/06\/getImage-36-768x480.jpeg 768w\" sizes=\"(max-width: 800px) 100vw, 800px\" \/>\t\t\t\t\t\t\t\t\t\t\t\t\t<\/div>\n\t\t\t\t<\/div>\n\t\t\t\t\t<\/div>\n\t\t<\/div>\n\t\t\t\t<div class=\"elementor-column elementor-col-50 elementor-inner-column elementor-element elementor-element-7bf32d0\" data-id=\"7bf32d0\" data-element_type=\"column\">\n\t\t\t<div class=\"elementor-widget-wrap elementor-element-populated\">\n\t\t\t\t\t\t<div class=\"elementor-element elementor-element-a9c2980 elementor-widget elementor-widget-price-table\" data-id=\"a9c2980\" data-element_type=\"widget\" data-widget_type=\"price-table.default\">\n\t\t\t\t<div class=\"elementor-widget-container\">\n\t\t\t\n\t\t<div class=\"elementor-price-table\">\n\t\t\t\t\t\t\t<div class=\"elementor-price-table__header\">\n\t\t\t\t\t\t\t\t\t\t\t<h3 class=\"elementor-price-table__heading\">\n\t\t\t\t\t\tKIA Sportage\t\t\t\t\t\t<\/h3>\n\t\t\t\t\t\n\t\t\t\t\t\t\t\t\t\t\t<span class=\"elementor-price-table__subheading\">\n\t\t\t\t\t\t\tNoleggio Lungo Termine\t\t\t\t\t\t<\/span>\n\t\t\t\t\t\t\t\t\t<\/div>\n\t\t\t\n\t\t\t<div class=\"elementor-price-table__price\">\n\t\t\t\t\t\t\t\t<span class=\"elementor-price-table__currency\">&#128;<\/span>\t\t\t\t\t\t\t\t\t<span class=\"elementor-price-table__integer-part\">\n\t\t\t\t\t\t256\t\t\t\t\t<\/span>\n\t\t\t\t\n\t\t\t\t\n\t\t\t\t\n\t\t\t\t\t\t\t\t\t<span class=\"elementor-price-table__period elementor-typo-excluded\">al mese IVA esclusa<\/span>\t\t\t\t\t\t\t<\/div>\n\n\t\t\t\t\t\t\t<ul class=\"elementor-price-table__features-list\">\n\t\t\t\t\t\t\t\t\t\t\t<li class=\"elementor-repeater-item-852e2b8\">\n\t\t\t\t\t\t\t<div class=\"elementor-price-table__feature-inner\">\n\t\t\t\t\t\t\t\t<i aria-hidden=\"true\" class=\"fas fa-exclamation-triangle\"><\/i>\t\t\t\t\t\t\t\t\t\t\t\t\t\t\t\t\t<span >\n\t\t\t\t\t\t\t\t\t\ti prezzi vengono aggiornati settimanalmente\t\t\t\t\t\t\t\t\t<\/span>\n\t\t\t\t\t\t\t\t\t\t\t\t\t\t\t\t<\/div>\n\t\t\t\t\t\t<\/li>\n\t\t\t\t\t\t\t\t\t<\/ul>\n\t\t\t\n\t\t\t\t\t\t\t<div class=\"elementor-price-table__footer\">\n\t\t\t\t\t\t\t\t\t\t\t<a class=\"elementor-price-table__button elementor-button elementor-size-md\" href=\"https:\/\/www.rentago.it\/noleggio-a-lungo-termine\/veicolo\/448\/kia\/sportage\">\n\t\t\t\t\t\t\tScopri le offerte\t\t\t\t\t\t<\/a>\n\t\t\t\t\t\n\t\t\t\t\t\t\t\t\t<\/div>\n\t\t\t\t\t<\/div>\n\n\t\t\t\t<\/div>\n\t\t\t\t<\/div>\n\t\t\t\t\t<\/div>\n\t\t<\/div>\n\t\t\t\t\t<\/div>\n\t\t<\/section>\n\t\t\t\t<div class=\"elementor-element elementor-element-3a1d91c elementor-widget elementor-widget-spacer\" data-id=\"3a1d91c\" data-element_type=\"widget\" data-widget_type=\"spacer.default\">\n\t\t\t\t<div class=\"elementor-widget-container\">\n\t\t\t\t\t<div class=\"elementor-spacer\">\n\t\t\t<div class=\"elementor-spacer-inner\"><\/div>\n\t\t<\/div>\n\t\t\t\t<\/div>\n\t\t\t\t<\/div>\n\t\t\t\t<div class=\"elementor-element elementor-element-db29ed3 elementor-widget elementor-widget-text-editor\" data-id=\"db29ed3\" data-element_type=\"widget\" data-widget_type=\"text-editor.default\">\n\t\t\t\t<div class=\"elementor-widget-container\">\n\t\t\t\t\t\t\t<div><span style=\"font-size: 21px; letter-spacing: 0.16px;\">Migliori auto GPL per consumo<\/span><\/div><p style=\"letter-spacing: 0.16px;\">Tra le\u00a0<span style=\"font-weight: bolder;\">auto a <a href=\"https:\/\/www.rentago.it\/noleggio-a-lungo-termine\/gpl\" target=\"_blank\" rel=\"noopener\">GPL<\/a> che consumano meno<\/span>\u00a0troviamo:<\/p>\t\t\t\t\t\t<\/div>\n\t\t\t\t<\/div>\n\t\t\t\t<section class=\"elementor-section elementor-inner-section elementor-element elementor-element-bd16b2c elementor-section-boxed elementor-section-height-default elementor-section-height-default\" data-id=\"bd16b2c\" data-element_type=\"section\">\n\t\t\t\t\t\t<div class=\"elementor-container elementor-column-gap-default\">\n\t\t\t\t\t<div class=\"elementor-column elementor-col-50 elementor-inner-column elementor-element elementor-element-e07a25f\" data-id=\"e07a25f\" data-element_type=\"column\">\n\t\t\t<div class=\"elementor-widget-wrap elementor-element-populated\">\n\t\t\t\t\t\t<div class=\"elementor-element elementor-element-d9654d0 elementor-widget elementor-widget-image\" data-id=\"d9654d0\" data-element_type=\"widget\" data-widget_type=\"image.default\">\n\t\t\t\t<div class=\"elementor-widget-container\">\n\t\t\t\t\t\t\t\t\t\t\t\t\t<img loading=\"lazy\" decoding=\"async\" width=\"800\" height=\"500\" src=\"https:\/\/www.rentago.it\/blog\/wp-content\/uploads\/2024\/06\/getImage-37.jpeg\" class=\"attachment-full size-full wp-image-2993\" alt=\"\" srcset=\"https:\/\/www.rentago.it\/blog\/wp-content\/uploads\/2024\/06\/getImage-37.jpeg 800w, https:\/\/www.rentago.it\/blog\/wp-content\/uploads\/2024\/06\/getImage-37-300x188.jpeg 300w, https:\/\/www.rentago.it\/blog\/wp-content\/uploads\/2024\/06\/getImage-37-768x480.jpeg 768w\" sizes=\"(max-width: 800px) 100vw, 800px\" \/>\t\t\t\t\t\t\t\t\t\t\t\t\t<\/div>\n\t\t\t\t<\/div>\n\t\t\t\t\t<\/div>\n\t\t<\/div>\n\t\t\t\t<div class=\"elementor-column elementor-col-50 elementor-inner-column elementor-element elementor-element-d8c009c\" data-id=\"d8c009c\" data-element_type=\"column\">\n\t\t\t<div class=\"elementor-widget-wrap elementor-element-populated\">\n\t\t\t\t\t\t<div class=\"elementor-element elementor-element-f6dc87e elementor-widget elementor-widget-price-table\" data-id=\"f6dc87e\" data-element_type=\"widget\" data-widget_type=\"price-table.default\">\n\t\t\t\t<div class=\"elementor-widget-container\">\n\t\t\t\n\t\t<div class=\"elementor-price-table\">\n\t\t\t\t\t\t\t<div class=\"elementor-price-table__header\">\n\t\t\t\t\t\t\t\t\t\t\t<h3 class=\"elementor-price-table__heading\">\n\t\t\t\t\t\tDacia Sandero\t\t\t\t\t\t<\/h3>\n\t\t\t\t\t\n\t\t\t\t\t\t\t\t\t\t\t<span class=\"elementor-price-table__subheading\">\n\t\t\t\t\t\t\tNoleggio Lungo Termine\t\t\t\t\t\t<\/span>\n\t\t\t\t\t\t\t\t\t<\/div>\n\t\t\t\n\t\t\t<div class=\"elementor-price-table__price\">\n\t\t\t\t\t\t\t\t<span class=\"elementor-price-table__currency\">&#128;<\/span>\t\t\t\t\t\t\t\t\t<span class=\"elementor-price-table__integer-part\">\n\t\t\t\t\t\t296\t\t\t\t\t<\/span>\n\t\t\t\t\n\t\t\t\t\n\t\t\t\t\n\t\t\t\t\t\t\t\t\t<span class=\"elementor-price-table__period elementor-typo-excluded\">al mese IVA esclusa<\/span>\t\t\t\t\t\t\t<\/div>\n\n\t\t\t\t\t\t\t<ul class=\"elementor-price-table__features-list\">\n\t\t\t\t\t\t\t\t\t\t\t<li class=\"elementor-repeater-item-852e2b8\">\n\t\t\t\t\t\t\t<div class=\"elementor-price-table__feature-inner\">\n\t\t\t\t\t\t\t\t<i aria-hidden=\"true\" class=\"fas fa-exclamation-triangle\"><\/i>\t\t\t\t\t\t\t\t\t\t\t\t\t\t\t\t\t<span >\n\t\t\t\t\t\t\t\t\t\ti prezzi vengono aggiornati settimanalmente\t\t\t\t\t\t\t\t\t<\/span>\n\t\t\t\t\t\t\t\t\t\t\t\t\t\t\t\t<\/div>\n\t\t\t\t\t\t<\/li>\n\t\t\t\t\t\t\t\t\t<\/ul>\n\t\t\t\n\t\t\t\t\t\t\t<div class=\"elementor-price-table__footer\">\n\t\t\t\t\t\t\t\t\t\t\t<a class=\"elementor-price-table__button elementor-button elementor-size-md\" href=\"https:\/\/www.rentago.it\/noleggio-a-lungo-termine\/veicolo\/290\/dacia\/sandero\/gpl\">\n\t\t\t\t\t\t\tScopri le offerte\t\t\t\t\t\t<\/a>\n\t\t\t\t\t\n\t\t\t\t\t\t\t\t\t<\/div>\n\t\t\t\t\t<\/div>\n\n\t\t\t\t<\/div>\n\t\t\t\t<\/div>\n\t\t\t\t\t<\/div>\n\t\t<\/div>\n\t\t\t\t\t<\/div>\n\t\t<\/section>\n\t\t\t\t<section class=\"elementor-section elementor-inner-section elementor-element elementor-element-eda3eb1 elementor-section-boxed elementor-section-height-default elementor-section-height-default\" data-id=\"eda3eb1\" data-element_type=\"section\">\n\t\t\t\t\t\t<div class=\"elementor-container elementor-column-gap-default\">\n\t\t\t\t\t<div class=\"elementor-column elementor-col-50 elementor-inner-column elementor-element elementor-element-a52f8b9\" data-id=\"a52f8b9\" data-element_type=\"column\">\n\t\t\t<div class=\"elementor-widget-wrap elementor-element-populated\">\n\t\t\t\t\t\t<div class=\"elementor-element elementor-element-ebb9914 elementor-widget elementor-widget-image\" data-id=\"ebb9914\" data-element_type=\"widget\" data-widget_type=\"image.default\">\n\t\t\t\t<div class=\"elementor-widget-container\">\n\t\t\t\t\t\t\t\t\t\t\t\t\t<img loading=\"lazy\" decoding=\"async\" width=\"800\" height=\"500\" src=\"https:\/\/www.rentago.it\/blog\/wp-content\/uploads\/2024\/06\/getImage-39.jpeg\" class=\"attachment-full size-full wp-image-2994\" alt=\"\" srcset=\"https:\/\/www.rentago.it\/blog\/wp-content\/uploads\/2024\/06\/getImage-39.jpeg 800w, https:\/\/www.rentago.it\/blog\/wp-content\/uploads\/2024\/06\/getImage-39-300x188.jpeg 300w, https:\/\/www.rentago.it\/blog\/wp-content\/uploads\/2024\/06\/getImage-39-768x480.jpeg 768w\" sizes=\"(max-width: 800px) 100vw, 800px\" \/>\t\t\t\t\t\t\t\t\t\t\t\t\t<\/div>\n\t\t\t\t<\/div>\n\t\t\t\t\t<\/div>\n\t\t<\/div>\n\t\t\t\t<div class=\"elementor-column elementor-col-50 elementor-inner-column elementor-element elementor-element-7532887\" data-id=\"7532887\" data-element_type=\"column\">\n\t\t\t<div class=\"elementor-widget-wrap elementor-element-populated\">\n\t\t\t\t\t\t<div class=\"elementor-element elementor-element-28cfbd6 elementor-widget elementor-widget-price-table\" data-id=\"28cfbd6\" data-element_type=\"widget\" data-widget_type=\"price-table.default\">\n\t\t\t\t<div class=\"elementor-widget-container\">\n\t\t\t\n\t\t<div class=\"elementor-price-table\">\n\t\t\t\t\t\t\t<div class=\"elementor-price-table__header\">\n\t\t\t\t\t\t\t\t\t\t\t<h3 class=\"elementor-price-table__heading\">\n\t\t\t\t\t\tDR 6.0\t\t\t\t\t\t<\/h3>\n\t\t\t\t\t\n\t\t\t\t\t\t\t\t\t\t\t<span class=\"elementor-price-table__subheading\">\n\t\t\t\t\t\t\tNoleggio Lungo Termine\t\t\t\t\t\t<\/span>\n\t\t\t\t\t\t\t\t\t<\/div>\n\t\t\t\n\t\t\t<div class=\"elementor-price-table__price\">\n\t\t\t\t\t\t\t\t<span class=\"elementor-price-table__currency\">&#128;<\/span>\t\t\t\t\t\t\t\t\t<span class=\"elementor-price-table__integer-part\">\n\t\t\t\t\t\t460\t\t\t\t\t<\/span>\n\t\t\t\t\n\t\t\t\t\n\t\t\t\t\n\t\t\t\t\t\t\t\t\t<span class=\"elementor-price-table__period elementor-typo-excluded\">al mese IVA esclusa<\/span>\t\t\t\t\t\t\t<\/div>\n\n\t\t\t\t\t\t\t<ul class=\"elementor-price-table__features-list\">\n\t\t\t\t\t\t\t\t\t\t\t<li class=\"elementor-repeater-item-852e2b8\">\n\t\t\t\t\t\t\t<div class=\"elementor-price-table__feature-inner\">\n\t\t\t\t\t\t\t\t<i aria-hidden=\"true\" class=\"fas fa-exclamation-triangle\"><\/i>\t\t\t\t\t\t\t\t\t\t\t\t\t\t\t\t\t<span >\n\t\t\t\t\t\t\t\t\t\ti prezzi vengono aggiornati settimanalmente\t\t\t\t\t\t\t\t\t<\/span>\n\t\t\t\t\t\t\t\t\t\t\t\t\t\t\t\t<\/div>\n\t\t\t\t\t\t<\/li>\n\t\t\t\t\t\t\t\t\t<\/ul>\n\t\t\t\n\t\t\t\t\t\t\t<div class=\"elementor-price-table__footer\">\n\t\t\t\t\t\t\t\t\t\t\t<a class=\"elementor-price-table__button elementor-button elementor-size-md\" href=\"https:\/\/www.rentago.it\/noleggio-a-lungo-termine\/veicolo\/745\/dr\/6-0\/gpl\">\n\t\t\t\t\t\t\tScopri le offerte\t\t\t\t\t\t<\/a>\n\t\t\t\t\t\n\t\t\t\t\t\t\t\t\t<\/div>\n\t\t\t\t\t<\/div>\n\n\t\t\t\t<\/div>\n\t\t\t\t<\/div>\n\t\t\t\t\t<\/div>\n\t\t<\/div>\n\t\t\t\t\t<\/div>\n\t\t<\/section>\n\t\t\t\t<div class=\"elementor-element elementor-element-d6574de elementor-widget elementor-widget-spacer\" data-id=\"d6574de\" data-element_type=\"widget\" data-widget_type=\"spacer.default\">\n\t\t\t\t<div class=\"elementor-widget-container\">\n\t\t\t\t\t<div class=\"elementor-spacer\">\n\t\t\t<div class=\"elementor-spacer-inner\"><\/div>\n\t\t<\/div>\n\t\t\t\t<\/div>\n\t\t\t\t<\/div>\n\t\t\t\t<div class=\"elementor-element elementor-element-8b8703b elementor-widget elementor-widget-text-editor\" data-id=\"8b8703b\" data-element_type=\"widget\" data-widget_type=\"text-editor.default\">\n\t\t\t\t<div class=\"elementor-widget-container\">\n\t\t\t\t\t\t\t<div><span style=\"font-size: 21px; letter-spacing: 0.16px;\">Migliori auto Elettriche per consumo<\/span><\/div><p style=\"letter-spacing: 0.16px;\">Tra le\u00a0<span style=\"font-weight: bolder;\">auto <a href=\"https:\/\/www.rentago.it\/noleggio-a-lungo-termine\/elettrica\" target=\"_blank\" rel=\"noopener\">elettriche<\/a> che consumano meno<\/span>\u00a0troviamo:<\/p>\t\t\t\t\t\t<\/div>\n\t\t\t\t<\/div>\n\t\t\t\t<section class=\"elementor-section elementor-inner-section elementor-element elementor-element-081d174 elementor-section-boxed elementor-section-height-default elementor-section-height-default\" data-id=\"081d174\" data-element_type=\"section\">\n\t\t\t\t\t\t<div class=\"elementor-container elementor-column-gap-default\">\n\t\t\t\t\t<div class=\"elementor-column elementor-col-50 elementor-inner-column elementor-element elementor-element-5b10a00\" data-id=\"5b10a00\" data-element_type=\"column\">\n\t\t\t<div class=\"elementor-widget-wrap elementor-element-populated\">\n\t\t\t\t\t\t<div class=\"elementor-element elementor-element-4937403 elementor-widget elementor-widget-image\" data-id=\"4937403\" data-element_type=\"widget\" data-widget_type=\"image.default\">\n\t\t\t\t<div class=\"elementor-widget-container\">\n\t\t\t\t\t\t\t\t\t\t\t\t\t<img loading=\"lazy\" decoding=\"async\" width=\"800\" height=\"500\" src=\"https:\/\/www.rentago.it\/blog\/wp-content\/uploads\/2024\/06\/getImage-41.jpeg\" class=\"attachment-full size-full wp-image-2995\" alt=\"\" srcset=\"https:\/\/www.rentago.it\/blog\/wp-content\/uploads\/2024\/06\/getImage-41.jpeg 800w, https:\/\/www.rentago.it\/blog\/wp-content\/uploads\/2024\/06\/getImage-41-300x188.jpeg 300w, https:\/\/www.rentago.it\/blog\/wp-content\/uploads\/2024\/06\/getImage-41-768x480.jpeg 768w\" sizes=\"(max-width: 800px) 100vw, 800px\" \/>\t\t\t\t\t\t\t\t\t\t\t\t\t<\/div>\n\t\t\t\t<\/div>\n\t\t\t\t\t<\/div>\n\t\t<\/div>\n\t\t\t\t<div class=\"elementor-column elementor-col-50 elementor-inner-column elementor-element elementor-element-d90bd79\" data-id=\"d90bd79\" data-element_type=\"column\">\n\t\t\t<div class=\"elementor-widget-wrap elementor-element-populated\">\n\t\t\t\t\t\t<div class=\"elementor-element elementor-element-497567b elementor-widget elementor-widget-price-table\" data-id=\"497567b\" data-element_type=\"widget\" data-widget_type=\"price-table.default\">\n\t\t\t\t<div class=\"elementor-widget-container\">\n\t\t\t\n\t\t<div class=\"elementor-price-table\">\n\t\t\t\t\t\t\t<div class=\"elementor-price-table__header\">\n\t\t\t\t\t\t\t\t\t\t\t<h3 class=\"elementor-price-table__heading\">\n\t\t\t\t\t\tFiat 500e\t\t\t\t\t\t<\/h3>\n\t\t\t\t\t\n\t\t\t\t\t\t\t\t\t\t\t<span class=\"elementor-price-table__subheading\">\n\t\t\t\t\t\t\tNoleggio Lungo Termine\t\t\t\t\t\t<\/span>\n\t\t\t\t\t\t\t\t\t<\/div>\n\t\t\t\n\t\t\t<div class=\"elementor-price-table__price\">\n\t\t\t\t\t\t\t\t<span class=\"elementor-price-table__currency\">&#128;<\/span>\t\t\t\t\t\t\t\t\t<span class=\"elementor-price-table__integer-part\">\n\t\t\t\t\t\t345\t\t\t\t\t<\/span>\n\t\t\t\t\n\t\t\t\t\n\t\t\t\t\n\t\t\t\t\t\t\t\t\t<span class=\"elementor-price-table__period elementor-typo-excluded\">al mese IVA esclusa<\/span>\t\t\t\t\t\t\t<\/div>\n\n\t\t\t\t\t\t\t<ul class=\"elementor-price-table__features-list\">\n\t\t\t\t\t\t\t\t\t\t\t<li class=\"elementor-repeater-item-852e2b8\">\n\t\t\t\t\t\t\t<div class=\"elementor-price-table__feature-inner\">\n\t\t\t\t\t\t\t\t<i aria-hidden=\"true\" class=\"fas fa-exclamation-triangle\"><\/i>\t\t\t\t\t\t\t\t\t\t\t\t\t\t\t\t\t<span >\n\t\t\t\t\t\t\t\t\t\ti prezzi vengono aggiornati settimanalmente\t\t\t\t\t\t\t\t\t<\/span>\n\t\t\t\t\t\t\t\t\t\t\t\t\t\t\t\t<\/div>\n\t\t\t\t\t\t<\/li>\n\t\t\t\t\t\t\t\t\t<\/ul>\n\t\t\t\n\t\t\t\t\t\t\t<div class=\"elementor-price-table__footer\">\n\t\t\t\t\t\t\t\t\t\t\t<a class=\"elementor-price-table__button elementor-button elementor-size-md\" href=\"https:\/\/www.rentago.it\/noleggio-a-lungo-termine\/veicolo\/649\/fiat\/500e\">\n\t\t\t\t\t\t\tScopri le offerte\t\t\t\t\t\t<\/a>\n\t\t\t\t\t\n\t\t\t\t\t\t\t\t\t<\/div>\n\t\t\t\t\t<\/div>\n\n\t\t\t\t<\/div>\n\t\t\t\t<\/div>\n\t\t\t\t\t<\/div>\n\t\t<\/div>\n\t\t\t\t\t<\/div>\n\t\t<\/section>\n\t\t\t\t<section class=\"elementor-section elementor-inner-section elementor-element elementor-element-4df96ab elementor-section-boxed elementor-section-height-default elementor-section-height-default\" data-id=\"4df96ab\" data-element_type=\"section\">\n\t\t\t\t\t\t<div class=\"elementor-container elementor-column-gap-default\">\n\t\t\t\t\t<div class=\"elementor-column elementor-col-50 elementor-inner-column elementor-element elementor-element-53aecc5\" data-id=\"53aecc5\" data-element_type=\"column\">\n\t\t\t<div class=\"elementor-widget-wrap elementor-element-populated\">\n\t\t\t\t\t\t<div class=\"elementor-element elementor-element-11828a1 elementor-widget elementor-widget-image\" data-id=\"11828a1\" data-element_type=\"widget\" data-widget_type=\"image.default\">\n\t\t\t\t<div class=\"elementor-widget-container\">\n\t\t\t\t\t\t\t\t\t\t\t\t\t<img loading=\"lazy\" decoding=\"async\" width=\"800\" height=\"500\" src=\"https:\/\/www.rentago.it\/blog\/wp-content\/uploads\/2024\/06\/getImage-40.jpeg\" class=\"attachment-full size-full wp-image-2996\" alt=\"Consumi auto\" srcset=\"https:\/\/www.rentago.it\/blog\/wp-content\/uploads\/2024\/06\/getImage-40.jpeg 800w, https:\/\/www.rentago.it\/blog\/wp-content\/uploads\/2024\/06\/getImage-40-300x188.jpeg 300w, https:\/\/www.rentago.it\/blog\/wp-content\/uploads\/2024\/06\/getImage-40-768x480.jpeg 768w\" sizes=\"(max-width: 800px) 100vw, 800px\" \/>\t\t\t\t\t\t\t\t\t\t\t\t\t<\/div>\n\t\t\t\t<\/div>\n\t\t\t\t\t<\/div>\n\t\t<\/div>\n\t\t\t\t<div class=\"elementor-column elementor-col-50 elementor-inner-column elementor-element elementor-element-59b4043\" data-id=\"59b4043\" data-element_type=\"column\">\n\t\t\t<div class=\"elementor-widget-wrap elementor-element-populated\">\n\t\t\t\t\t\t<div class=\"elementor-element elementor-element-f874e36 elementor-widget elementor-widget-price-table\" data-id=\"f874e36\" data-element_type=\"widget\" data-widget_type=\"price-table.default\">\n\t\t\t\t<div class=\"elementor-widget-container\">\n\t\t\t\n\t\t<div class=\"elementor-price-table\">\n\t\t\t\t\t\t\t<div class=\"elementor-price-table__header\">\n\t\t\t\t\t\t\t\t\t\t\t<h3 class=\"elementor-price-table__heading\">\n\t\t\t\t\t\tTesla Model 3\t\t\t\t\t\t<\/h3>\n\t\t\t\t\t\n\t\t\t\t\t\t\t\t\t\t\t<span class=\"elementor-price-table__subheading\">\n\t\t\t\t\t\t\tNoleggio Lungo Termine\t\t\t\t\t\t<\/span>\n\t\t\t\t\t\t\t\t\t<\/div>\n\t\t\t\n\t\t\t<div class=\"elementor-price-table__price\">\n\t\t\t\t\t\t\t\t<span class=\"elementor-price-table__currency\">&#128;<\/span>\t\t\t\t\t\t\t\t\t<span class=\"elementor-price-table__integer-part\">\n\t\t\t\t\t\t479\t\t\t\t\t<\/span>\n\t\t\t\t\n\t\t\t\t\n\t\t\t\t\n\t\t\t\t\t\t\t\t\t<span class=\"elementor-price-table__period elementor-typo-excluded\">al mese IVA esclusa<\/span>\t\t\t\t\t\t\t<\/div>\n\n\t\t\t\t\t\t\t<ul class=\"elementor-price-table__features-list\">\n\t\t\t\t\t\t\t\t\t\t\t<li class=\"elementor-repeater-item-852e2b8\">\n\t\t\t\t\t\t\t<div class=\"elementor-price-table__feature-inner\">\n\t\t\t\t\t\t\t\t<i aria-hidden=\"true\" class=\"fas fa-exclamation-triangle\"><\/i>\t\t\t\t\t\t\t\t\t\t\t\t\t\t\t\t\t<span >\n\t\t\t\t\t\t\t\t\t\ti prezzi vengono aggiornati settimanalmente\t\t\t\t\t\t\t\t\t<\/span>\n\t\t\t\t\t\t\t\t\t\t\t\t\t\t\t\t<\/div>\n\t\t\t\t\t\t<\/li>\n\t\t\t\t\t\t\t\t\t<\/ul>\n\t\t\t\n\t\t\t\t\t\t\t<div class=\"elementor-price-table__footer\">\n\t\t\t\t\t\t\t\t\t\t\t<a class=\"elementor-price-table__button elementor-button elementor-size-md\" href=\"https:\/\/www.rentago.it\/noleggio-a-lungo-termine\/veicolo\/326\/tesla\/model-3\">\n\t\t\t\t\t\t\tScopri le offerte\t\t\t\t\t\t<\/a>\n\t\t\t\t\t\n\t\t\t\t\t\t\t\t\t<\/div>\n\t\t\t\t\t<\/div>\n\n\t\t\t\t<\/div>\n\t\t\t\t<\/div>\n\t\t\t\t\t<\/div>\n\t\t<\/div>\n\t\t\t\t\t<\/div>\n\t\t<\/section>\n\t\t\t\t<div class=\"elementor-element elementor-element-bd713d0 elementor-widget elementor-widget-spacer\" data-id=\"bd713d0\" data-element_type=\"widget\" data-widget_type=\"spacer.default\">\n\t\t\t\t<div class=\"elementor-widget-container\">\n\t\t\t\t\t<div class=\"elementor-spacer\">\n\t\t\t<div class=\"elementor-spacer-inner\"><\/div>\n\t\t<\/div>\n\t\t\t\t<\/div>\n\t\t\t\t<\/div>\n\t\t\t\t<div class=\"elementor-element elementor-element-b9f84f7 elementor-widget elementor-widget-text-editor\" data-id=\"b9f84f7\" data-element_type=\"widget\" data-widget_type=\"text-editor.default\">\n\t\t\t\t<div class=\"elementor-widget-container\">\n\t\t\t\t\t\t\t<h2><span style=\"font-size: 30px; font-weight: 600; letter-spacing: 0.16px;\">Consigli per il risparmio sui consumi auto<\/span><\/h2><div><span style=\"letter-spacing: 0.16px; font-family: var( --e-global-typography-text-font-family ), Sans-serif; font-weight: var( --e-global-typography-text-font-weight ); font-size: 1rem;\">Oltre alla scelta di un&#8217;auto efficiente, \u00e8 importante adottare uno\u00a0<\/span><span style=\"letter-spacing: 0.16px; font-family: var( --e-global-typography-text-font-family ), Sans-serif; font-size: 1rem; font-weight: bolder;\">stile di guida<\/span><span style=\"letter-spacing: 0.16px; font-family: var( --e-global-typography-text-font-family ), Sans-serif; font-weight: var( --e-global-typography-text-font-weight ); font-size: 1rem;\">\u00a0che contribuisca a ridurre i consumi auto. Ecco alcuni\u00a0<\/span><span style=\"letter-spacing: 0.16px; font-family: var( --e-global-typography-text-font-family ), Sans-serif; font-size: 1rem; font-weight: bolder;\">consigli<\/span><span style=\"letter-spacing: 0.16px; font-family: var( --e-global-typography-text-font-family ), Sans-serif; font-weight: var( --e-global-typography-text-font-weight ); font-size: 1rem;\">\u00a0utili:<\/span><\/div><ul style=\"font-size: 16px; background-color: #ffffff; letter-spacing: 0.16px;\"><li style=\"font-size: 16px;\"><span style=\"font-weight: bolder;\">Evitare brusche accelerate e frenate<\/span>: Una guida fluida aiuta a risparmiare carburante e a ridurre l&#8217;usura del motore.<\/li><li style=\"font-size: 16px;\"><span style=\"font-weight: bolder;\">Guidare a una velocit\u00e0 costante<\/span>: Mantenere una velocit\u00e0 uniforme permette di ridurre i consumi energetici.<\/li><li style=\"font-size: 16px;\"><span style=\"font-weight: bolder;\">Utilizzare le marce alte<\/span>: Cambiare marcia al momento giusto consente di sfruttare al meglio il motore e ridurre i consumi auto.<\/li><li style=\"font-size: 16px;\"><span style=\"font-weight: bolder;\">Spegnere il motore quando si \u00e8 fermi<\/span>: Se ci si ferma per pi\u00f9 di un minuto, \u00e8 conveniente spegnere il motore per evitare sprechi inutili.<\/li><li style=\"font-size: 16px;\"><span style=\"font-weight: bolder;\">Effettuare regolarmente la manutenzione dell&#8217;auto<\/span>: Una buona manutenzione garantisce che il veicolo funzioni al meglio delle sue capacit\u00e0, riducendo cos\u00ec i consumi auto.<\/li><\/ul><div>Per approfondire l&#8217;argomento sul risparmio del carburante vi consigliamo la lettura del seguente articolo: <a href=\"https:\/\/www.rentago.it\/blog\/guide-e-consigli-utili\/come-risparmiare-carburante\/\" target=\"_blank\" rel=\"noopener\"><strong>&#8220;Come risparmiare carburante: guida completa&#8221;<\/strong><\/a><\/div><div>\u00a0<\/div><h2 style=\"font-family: neue-haas-grotesk-text, sans-serif; color: #2b2b2b; letter-spacing: 0.16px;\"><strong><span style=\"letter-spacing: 0.16px; font-family: var( --e-global-typography-text-font-family ), Sans-serif;\">Per concludere<\/span><\/strong><\/h2><h3 style=\"font-family: neue-haas-grotesk-text, sans-serif; color: #2b2b2b; letter-spacing: 0.16px;\"><span style=\"letter-spacing: 0.16px; font-family: var( --e-global-typography-text-font-family ), Sans-serif; font-weight: var( --e-global-typography-text-font-weight ); font-size: 1rem;\">La scelta dell&#8217;<\/span><span style=\"letter-spacing: 0.16px; font-family: var( --e-global-typography-text-font-family ), Sans-serif; font-size: 1rem; font-weight: bolder;\">auto che consuma meno<\/span><span style=\"letter-spacing: 0.16px; font-family: var( --e-global-typography-text-font-family ), Sans-serif; font-weight: var( --e-global-typography-text-font-weight ); font-size: 1rem;\">\u00a0dipende da esigenze e budget individuali. Valutare attentamente i\u00a0<\/span><span style=\"letter-spacing: 0.16px; font-family: var( --e-global-typography-text-font-family ), Sans-serif; font-size: 1rem; font-weight: bolder;\">pro e i contro<\/span><span style=\"letter-spacing: 0.16px; font-family: var( --e-global-typography-text-font-family ), Sans-serif; font-weight: var( --e-global-typography-text-font-weight ); font-size: 1rem;\">\u00a0di ogni tipologia di alimentazione e seguire i consigli per il risparmio pu\u00f2 aiutare a\u00a0<\/span><span style=\"letter-spacing: 0.16px; font-family: var( --e-global-typography-text-font-family ), Sans-serif; font-size: 1rem; font-weight: bolder;\">ridurre i consumi auto<\/span><span style=\"letter-spacing: 0.16px; font-family: var( --e-global-typography-text-font-family ), Sans-serif; font-weight: var( --e-global-typography-text-font-weight ); font-size: 1rem;\">\u00a0e l&#8217;<\/span><span style=\"letter-spacing: 0.16px; font-family: var( --e-global-typography-text-font-family ), Sans-serif; font-size: 1rem; font-weight: bolder;\">impatto ambientale<\/span><span style=\"letter-spacing: 0.16px; font-family: var( --e-global-typography-text-font-family ), Sans-serif; font-weight: var( --e-global-typography-text-font-weight ); font-size: 1rem;\">. Le auto ibride e elettriche rappresentano il futuro della mobilit\u00e0 sostenibile, mentre le auto a benzina, diesel e GPL offrono soluzioni pi\u00f9 immediate e accessibili. Scegliere con consapevolezza e adottare uno stile di guida corretto sono i passi fondamentali per una mobilit\u00e0 pi\u00f9 economica e rispettosa dell&#8217;ambiente.<\/span><\/h3>\t\t\t\t\t\t<\/div>\n\t\t\t\t<\/div>\n\t\t\t\t\t<\/div>\n\t\t<\/div>\n\t\t\t\t\t<\/div>\n\t\t<\/section>\n\t\t\t\t<\/div>\n\t\t","protected":false},"excerpt":{"rendered":"<p>Benzina, diesel, GPL o elettrica: quale auto consuma meno? La scelta dell&#8217;auto che consuma meno dipende da diversi fattori, tra cui il tipo di alimentazione, la tecnologia del motore, lo stile di guida e le reali condizioni di utilizzo. Consumi auto Benzina Le auto a benzina sono ancora le pi\u00f9 diffuse, ma non necessariamente le [&hellip;]<\/p>\n","protected":false},"author":3,"featured_media":3006,"comment_status":"open","ping_status":"open","sticky":false,"template":"","format":"standard","meta":{"_acf_changed":false,"footnotes":""},"categories":[36],"tags":[328,74,52,146,68,318,100,115,313,274,147,327,326,145,46,96,59,317,316,163,164,322,320,323,324,314,315,325,47,131,321,319],"acf":[],"_links":{"self":[{"href":"https:\/\/www.rentago.it\/blog\/wp-json\/wp\/v2\/posts\/2986"}],"collection":[{"href":"https:\/\/www.rentago.it\/blog\/wp-json\/wp\/v2\/posts"}],"about":[{"href":"https:\/\/www.rentago.it\/blog\/wp-json\/wp\/v2\/types\/post"}],"author":[{"embeddable":true,"href":"https:\/\/www.rentago.it\/blog\/wp-json\/wp\/v2\/users\/3"}],"replies":[{"embeddable":true,"href":"https:\/\/www.rentago.it\/blog\/wp-json\/wp\/v2\/comments?post=2986"}],"version-history":[{"count":0,"href":"https:\/\/www.rentago.it\/blog\/wp-json\/wp\/v2\/posts\/2986\/revisions"}],"wp:featuredmedia":[{"embeddable":true,"href":"https:\/\/www.rentago.it\/blog\/wp-json\/wp\/v2\/media\/3006"}],"wp:attachment":[{"href":"https:\/\/www.rentago.it\/blog\/wp-json\/wp\/v2\/media?parent=2986"}],"wp:term":[{"taxonomy":"category","embeddable":true,"href":"https:\/\/www.rentago.it\/blog\/wp-json\/wp\/v2\/categories?post=2986"},{"taxonomy":"post_tag","embeddable":true,"href":"https:\/\/www.rentago.it\/blog\/wp-json\/wp\/v2\/tags?post=2986"}],"curies":[{"name":"wp","href":"https:\/\/api.w.org\/{rel}","templated":true}]}}