{"id":2795,"date":"2024-05-30T16:03:04","date_gmt":"2024-05-30T14:03:04","guid":{"rendered":"https:\/\/www.rentago.it\/blog\/?p=2795"},"modified":"2024-05-30T16:05:49","modified_gmt":"2024-05-30T14:05:49","slug":"suv-elettrici-economici","status":"publish","type":"post","link":"https:\/\/www.rentago.it\/blog\/elettrico-green\/suv-elettrici-economici\/","title":{"rendered":"SUV Elettrici Economici: Guida ai modelli del 2024"},"content":{"rendered":"\t\t<div data-elementor-type=\"wp-post\" data-elementor-id=\"2795\" class=\"elementor elementor-2795\" data-elementor-post-type=\"post\">\n\t\t\t\t\t\t<section class=\"elementor-section elementor-top-section elementor-element elementor-element-7147cd02 elementor-section-boxed elementor-section-height-default elementor-section-height-default\" data-id=\"7147cd02\" data-element_type=\"section\">\n\t\t\t\t\t\t<div class=\"elementor-container elementor-column-gap-default\">\n\t\t\t\t\t<div class=\"elementor-column elementor-col-100 elementor-top-column elementor-element elementor-element-19d6876c\" data-id=\"19d6876c\" data-element_type=\"column\">\n\t\t\t<div class=\"elementor-widget-wrap elementor-element-populated\">\n\t\t\t\t\t\t<div class=\"elementor-element elementor-element-75d71ef1 elementor-widget__width-initial elementor-widget elementor-widget-text-editor\" data-id=\"75d71ef1\" data-element_type=\"widget\" data-widget_type=\"text-editor.default\">\n\t\t\t\t<div class=\"elementor-widget-container\">\n\t\t\t<style>\/*! elementor - v3.19.0 - 28-02-2024 *\/\n.elementor-widget-text-editor.elementor-drop-cap-view-stacked .elementor-drop-cap{background-color:#69727d;color:#fff}.elementor-widget-text-editor.elementor-drop-cap-view-framed .elementor-drop-cap{color:#69727d;border:3px solid;background-color:transparent}.elementor-widget-text-editor:not(.elementor-drop-cap-view-default) .elementor-drop-cap{margin-top:8px}.elementor-widget-text-editor:not(.elementor-drop-cap-view-default) .elementor-drop-cap-letter{width:1em;height:1em}.elementor-widget-text-editor .elementor-drop-cap{float:left;text-align:center;line-height:1;font-size:50px}.elementor-widget-text-editor .elementor-drop-cap-letter{display:inline-block}<\/style>\t\t\t\t<h4><strong>In questa guida parliamo dei migliori SUV elettrici economici del 2024, i fattori di scelta e tutto ci\u00f2 che devi sapere prima di noleggiare a lungo termine un veicolo.<\/strong><\/h4><p>\u00a0<\/p><h2><strong>Introduzione<\/strong><\/h2><p>Il mercato dei <strong>SUV elettrici<\/strong> \u00e8 in costante crescita, con nuove proposte che si affacciano sempre pi\u00f9 frequentemente. Se da un lato i prezzi dei modelli <strong>top di gamma<\/strong> rimangono elevati, dall&#8217;altro cresce l&#8217;offerta di <strong>SUV elettrici economici<\/strong>, accessibili a un pubblico pi\u00f9 ampio.<\/p><p>In questa guida completa, analizzeremo i <strong>SUV elettrici pi\u00f9 convenienti<\/strong> attualmente disponibili sul mercato, fornendo una panoramica completa delle loro <strong>caratteristiche<\/strong>, <strong>prestazioni<\/strong> e <strong>prezzi<\/strong>.<\/p><p>\u00a0<\/p><h2>I Fattori da Considerare per Scegliere un SUV Elettrico Economico<\/h2><p>Prima di addentrarci nei dettagli, \u00e8 importante sottolineare che la scelta di un <strong>SUV elettrico economico<\/strong> non deve basarsi esclusivamente sul <strong>prezzo<\/strong>. Esistono infatti diversi <strong>fattori<\/strong> da tenere in considerazione, tra cui:<\/p><h3>Autonomia<\/h3><p>Quanto \u00e8 importante per te <strong>percorrere lunghe distanze<\/strong> con una singola carica? L&#8217;<strong>autonomia<\/strong> \u00e8 un fattore cruciale per chi utilizza l&#8217;auto per viaggi lunghi o per chi non ha accesso frequente a punti di ricarica. Un&#8217;<strong>autonomia maggiore<\/strong> pu\u00f2 significare meno preoccupazioni e pi\u00f9 libert\u00e0 di movimento.<\/p><h3>Prestazioni<\/h3><p>Cerchi un SUV elettrico <strong>performante<\/strong> o dai <strong>consumi contenuti<\/strong>? Le <strong>prestazioni<\/strong> includono l&#8217;accelerazione, la velocit\u00e0 massima e la maneggevolezza del veicolo. Alcuni preferiscono un veicolo pi\u00f9 potente, mentre altri possono dare priorit\u00e0 all&#8217;<strong>efficienza energetica<\/strong>.<\/p><h3>Spazio<\/h3><p>Hai bisogno di un SUV <strong>spazioso<\/strong> per la tua famiglia o per le tue attivit\u00e0? Il <strong>volume del bagagliaio<\/strong> e lo <strong>spazio interno<\/strong> sono aspetti fondamentali da considerare, specialmente se si prevede di trasportare molti bagagli o viaggiare con pi\u00f9 passeggeri.<\/p><h3>Ricarica<\/h3><p>Quanto tempo hai a disposizione per <strong>ricaricare<\/strong> il tuo SUV elettrico? La <strong>velocit\u00e0 di ricarica<\/strong> pu\u00f2 variare notevolmente tra i modelli, e la disponibilit\u00e0 di <strong>stazioni di ricarica rapide<\/strong> pu\u00f2 influenzare la tua decisione. \u00c8 importante valutare se il tempo di ricarica si adatta al tuo stile di vita. Se vuoi approfondire l&#8217;argomento delle stazioni di ricarica elettrica ti consigliamo la lettura del seguente articolo: <strong><a href=\"https:\/\/www.rentago.it\/blog\/elettrico-green\/colonnine-di-ricarica-per-auto-elettriche\/\" target=\"_blank\" rel=\"noopener\">&#8220;Colonnine di ricarica per auto elettriche: guida completa&#8221;<\/a><\/strong><\/p><p>\u00a0<\/p><h2>I Migliori SUV Elettrici Economici del 2024<\/h2><p>Secondo le analisi di mercato, ecco alcuni dei <strong>migliori SUV elettrici economici<\/strong> disponibili nel 2024:<\/p>\t\t\t\t\t\t<\/div>\n\t\t\t\t<\/div>\n\t\t\t\t<section class=\"elementor-section elementor-inner-section elementor-element elementor-element-5994334 elementor-section-boxed elementor-section-height-default elementor-section-height-default\" data-id=\"5994334\" data-element_type=\"section\">\n\t\t\t\t\t\t<div class=\"elementor-container elementor-column-gap-default\">\n\t\t\t\t\t<div class=\"elementor-column elementor-col-50 elementor-inner-column elementor-element elementor-element-b399889\" data-id=\"b399889\" data-element_type=\"column\">\n\t\t\t<div class=\"elementor-widget-wrap elementor-element-populated\">\n\t\t\t\t\t\t<div class=\"elementor-element elementor-element-a16e2a1 elementor-widget elementor-widget-image\" data-id=\"a16e2a1\" data-element_type=\"widget\" data-widget_type=\"image.default\">\n\t\t\t\t<div class=\"elementor-widget-container\">\n\t\t\t<style>\/*! elementor - v3.19.0 - 28-02-2024 *\/\n.elementor-widget-image{text-align:center}.elementor-widget-image a{display:inline-block}.elementor-widget-image a img[src$=\".svg\"]{width:48px}.elementor-widget-image img{vertical-align:middle;display:inline-block}<\/style>\t\t\t\t\t\t\t\t\t\t<img fetchpriority=\"high\" decoding=\"async\" width=\"800\" height=\"500\" src=\"https:\/\/www.rentago.it\/blog\/wp-content\/uploads\/2024\/05\/suv-elettrici-economici-2.jpg\" class=\"attachment-full size-full wp-image-2798\" alt=\"suv elettrici economici\" srcset=\"https:\/\/www.rentago.it\/blog\/wp-content\/uploads\/2024\/05\/suv-elettrici-economici-2.jpg 800w, https:\/\/www.rentago.it\/blog\/wp-content\/uploads\/2024\/05\/suv-elettrici-economici-2-300x188.jpg 300w, https:\/\/www.rentago.it\/blog\/wp-content\/uploads\/2024\/05\/suv-elettrici-economici-2-768x480.jpg 768w\" sizes=\"(max-width: 800px) 100vw, 800px\" \/>\t\t\t\t\t\t\t\t\t\t\t\t\t<\/div>\n\t\t\t\t<\/div>\n\t\t\t\t\t<\/div>\n\t\t<\/div>\n\t\t\t\t<div class=\"elementor-column elementor-col-50 elementor-inner-column elementor-element elementor-element-b956073\" data-id=\"b956073\" data-element_type=\"column\">\n\t\t\t<div class=\"elementor-widget-wrap elementor-element-populated\">\n\t\t\t\t\t\t<div class=\"elementor-element elementor-element-979b7f3 elementor-widget elementor-widget-price-table\" data-id=\"979b7f3\" data-element_type=\"widget\" data-widget_type=\"price-table.default\">\n\t\t\t\t<div class=\"elementor-widget-container\">\n\t\t\t<style>\/*! elementor-pro - v3.16.0 - 20-09-2023 *\/\n.elementor-widget-price-list .elementor-price-list{list-style:none;padding:0;margin:0}.elementor-widget-price-list .elementor-price-list li{margin:0}.elementor-price-list li:not(:last-child){margin-bottom:20px}.elementor-price-list .elementor-price-list-image{max-width:50%;flex-shrink:0;padding-right:25px}.elementor-price-list .elementor-price-list-image img{width:100%}.elementor-price-list .elementor-price-list-header,.elementor-price-list .elementor-price-list-item,.elementor-price-list .elementor-price-list-text{display:flex}.elementor-price-list .elementor-price-list-item{align-items:flex-start}.elementor-price-list .elementor-price-list-item .elementor-price-list-text{align-items:flex-start;flex-wrap:wrap;flex-grow:1}.elementor-price-list .elementor-price-list-item .elementor-price-list-header{align-items:center;flex-basis:100%;font-size:19px;font-weight:600;margin-bottom:10px;justify-content:space-between}.elementor-price-list .elementor-price-list-item .elementor-price-list-title{max-width:80%}.elementor-price-list .elementor-price-list-item .elementor-price-list-price{font-weight:600}.elementor-price-list .elementor-price-list-item p.elementor-price-list-description{flex-basis:100%;font-size:14px;margin:0}.elementor-price-list .elementor-price-list-item .elementor-price-list-separator{flex-grow:1;margin-left:10px;margin-right:10px;border-bottom-style:dotted;border-bottom-width:2px;height:0}.elementor-price-table{text-align:center}.elementor-price-table .elementor-price-table__header{background:var(--e-price-table-header-background-color,#555);padding:20px 0}.elementor-price-table .elementor-price-table__heading{margin:0;padding:0;line-height:1.2;font-size:24px;font-weight:600;color:#fff}.elementor-price-table .elementor-price-table__subheading{font-size:13px;font-weight:400;color:#fff}.elementor-price-table .elementor-price-table__original-price{margin-right:15px;text-decoration:line-through;font-size:.5em;line-height:1;font-weight:400;align-self:center}.elementor-price-table .elementor-price-table__original-price .elementor-price-table__currency{font-size:1em;margin:0}.elementor-price-table .elementor-price-table__price{display:flex;justify-content:center;align-items:center;flex-wrap:wrap;flex-direction:row;color:#555;font-weight:800;font-size:65px;padding:40px 0}.elementor-price-table .elementor-price-table__price .elementor-typo-excluded{line-height:normal;letter-spacing:normal;text-transform:none;font-weight:400;font-size:medium;font-style:normal}.elementor-price-table .elementor-price-table__after-price{display:flex;flex-wrap:wrap;text-align:start;align-self:stretch;align-items:flex-start;flex-direction:column}.elementor-price-table .elementor-price-table__integer-part{line-height:.8}.elementor-price-table .elementor-price-table__currency,.elementor-price-table .elementor-price-table__fractional-part{line-height:1;font-size:.3em}.elementor-price-table .elementor-price-table__currency{margin-right:3px}.elementor-price-table .elementor-price-table__period{width:100%;font-size:13px;font-weight:400}.elementor-price-table .elementor-price-table__features-list{list-style-type:none;margin:0;padding:0;line-height:1;color:var(--e-price-table-features-list-color)}.elementor-price-table .elementor-price-table__features-list li{font-size:14px;line-height:1;margin:0;padding:0}.elementor-price-table .elementor-price-table__features-list li .elementor-price-table__feature-inner{margin-left:15px;margin-right:15px}.elementor-price-table .elementor-price-table__features-list li:not(:first-child):before{content:\"\";display:block;border:0 solid hsla(0,0%,47.8%,.3);margin:10px 12.5%}.elementor-price-table .elementor-price-table__features-list i{margin-right:10px;font-size:1.3em}.elementor-price-table .elementor-price-table__features-list svg{margin-right:10px;fill:var(--e-price-table-features-list-color);height:1.3em;width:1.3em}.elementor-price-table .elementor-price-table__features-list svg~*{vertical-align:text-top}.elementor-price-table .elementor-price-table__footer{padding:30px 0}.elementor-price-table .elementor-price-table__additional_info{margin:0;font-size:13px;line-height:1.4}.elementor-price-table__ribbon{position:absolute;top:0;left:auto;right:0;transform:rotate(90deg);width:150px;overflow:hidden;height:150px}.elementor-price-table__ribbon-inner{text-align:center;left:0;width:200%;transform:translateY(-50%) translateX(-50%) translateX(35px) rotate(-45deg);margin-top:35px;font-size:13px;line-height:2;font-weight:800;text-transform:uppercase;background:#000}.elementor-price-table__ribbon.elementor-ribbon-left{transform:rotate(0);left:0;right:auto}.elementor-price-table__ribbon.elementor-ribbon-right{transform:rotate(90deg);left:auto;right:0}.elementor-widget-price-table .elementor-widget-container{overflow:hidden;background-color:#f9fafa}.e-con-inner>.elementor-widget-price-list,.e-con>.elementor-widget-price-list{width:var(--container-widget-width);--flex-grow:var(--container-widget-flex-grow)}<\/style>\n\t\t<div class=\"elementor-price-table\">\n\t\t\t\t\t\t\t<div class=\"elementor-price-table__header\">\n\t\t\t\t\t\t\t\t\t\t\t<h3 class=\"elementor-price-table__heading\">\n\t\t\t\t\t\tPeugeot 2008 e\t\t\t\t\t\t<\/h3>\n\t\t\t\t\t\n\t\t\t\t\t\t\t\t\t\t\t<span class=\"elementor-price-table__subheading\">\n\t\t\t\t\t\t\tNoleggio Lungo Termine\t\t\t\t\t\t<\/span>\n\t\t\t\t\t\t\t\t\t<\/div>\n\t\t\t\n\t\t\t<div class=\"elementor-price-table__price\">\n\t\t\t\t\t\t\t\t<span class=\"elementor-price-table__currency\">&#128;<\/span>\t\t\t\t\t\t\t\t\t<span class=\"elementor-price-table__integer-part\">\n\t\t\t\t\t\t249\t\t\t\t\t<\/span>\n\t\t\t\t\n\t\t\t\t\n\t\t\t\t\n\t\t\t\t\t\t\t\t\t<span class=\"elementor-price-table__period elementor-typo-excluded\">al mese IVA esclua<\/span>\t\t\t\t\t\t\t<\/div>\n\n\t\t\t\t\t\t\t<ul class=\"elementor-price-table__features-list\">\n\t\t\t\t\t\t\t\t\t\t\t<li class=\"elementor-repeater-item-d73df76\">\n\t\t\t\t\t\t\t<div class=\"elementor-price-table__feature-inner\">\n\t\t\t\t\t\t\t\t<i aria-hidden=\"true\" class=\"fas fa-exclamation-triangle\"><\/i>\t\t\t\t\t\t\t\t\t\t\t\t\t\t\t\t\t<span >\n\t\t\t\t\t\t\t\t\t\t i prezzi vengono aggiornati settimanalmente\t\t\t\t\t\t\t\t\t<\/span>\n\t\t\t\t\t\t\t\t\t\t\t\t\t\t\t\t<\/div>\n\t\t\t\t\t\t<\/li>\n\t\t\t\t\t\t\t\t\t<\/ul>\n\t\t\t\n\t\t\t\t\t\t\t<div class=\"elementor-price-table__footer\">\n\t\t\t\t\t\t\t\t\t\t\t<a class=\"elementor-price-table__button elementor-button elementor-size-md\" href=\"https:\/\/www.rentago.it\/noleggio-a-lungo-termine\/veicolo\/154\/peugeot\/2008-e\">\n\t\t\t\t\t\t\tScopri le offerte\t\t\t\t\t\t<\/a>\n\t\t\t\t\t\n\t\t\t\t\t\t\t\t\t\t\t<div class=\"elementor-price-table__additional_info\">\n\t\t\t\t\t\t\tAutonomia di circa 320 chilometri grazie alla batteria da 50 kWh. Il motore elettrico da 136 cavalli offre una guida fluida e dinamica.\t\t\t\t\t\t<\/div>\n\t\t\t\t\t\t\t\t\t<\/div>\n\t\t\t\t\t<\/div>\n\n\t\t\t\t<\/div>\n\t\t\t\t<\/div>\n\t\t\t\t\t<\/div>\n\t\t<\/div>\n\t\t\t\t\t<\/div>\n\t\t<\/section>\n\t\t\t\t<div class=\"elementor-element elementor-element-9ddf7b9 elementor-widget elementor-widget-spacer\" data-id=\"9ddf7b9\" data-element_type=\"widget\" data-widget_type=\"spacer.default\">\n\t\t\t\t<div class=\"elementor-widget-container\">\n\t\t\t<style>\/*! elementor - v3.19.0 - 28-02-2024 *\/\n.elementor-column .elementor-spacer-inner{height:var(--spacer-size)}.e-con{--container-widget-width:100%}.e-con-inner>.elementor-widget-spacer,.e-con>.elementor-widget-spacer{width:var(--container-widget-width,var(--spacer-size));--align-self:var(--container-widget-align-self,initial);--flex-shrink:0}.e-con-inner>.elementor-widget-spacer>.elementor-widget-container,.e-con>.elementor-widget-spacer>.elementor-widget-container{height:100%;width:100%}.e-con-inner>.elementor-widget-spacer>.elementor-widget-container>.elementor-spacer,.e-con>.elementor-widget-spacer>.elementor-widget-container>.elementor-spacer{height:100%}.e-con-inner>.elementor-widget-spacer>.elementor-widget-container>.elementor-spacer>.elementor-spacer-inner,.e-con>.elementor-widget-spacer>.elementor-widget-container>.elementor-spacer>.elementor-spacer-inner{height:var(--container-widget-height,var(--spacer-size))}.e-con-inner>.elementor-widget-spacer.elementor-widget-empty,.e-con>.elementor-widget-spacer.elementor-widget-empty{position:relative;min-height:22px;min-width:22px}.e-con-inner>.elementor-widget-spacer.elementor-widget-empty .elementor-widget-empty-icon,.e-con>.elementor-widget-spacer.elementor-widget-empty .elementor-widget-empty-icon{position:absolute;top:0;bottom:0;left:0;right:0;margin:auto;padding:0;width:22px;height:22px}<\/style>\t\t<div class=\"elementor-spacer\">\n\t\t\t<div class=\"elementor-spacer-inner\"><\/div>\n\t\t<\/div>\n\t\t\t\t<\/div>\n\t\t\t\t<\/div>\n\t\t\t\t<section class=\"elementor-section elementor-inner-section elementor-element elementor-element-ce538d4 elementor-section-boxed elementor-section-height-default elementor-section-height-default\" data-id=\"ce538d4\" data-element_type=\"section\">\n\t\t\t\t\t\t<div class=\"elementor-container elementor-column-gap-default\">\n\t\t\t\t\t<div class=\"elementor-column elementor-col-50 elementor-inner-column elementor-element elementor-element-ece605b\" data-id=\"ece605b\" data-element_type=\"column\">\n\t\t\t<div class=\"elementor-widget-wrap elementor-element-populated\">\n\t\t\t\t\t\t<div class=\"elementor-element elementor-element-f4de0ba elementor-widget elementor-widget-image\" data-id=\"f4de0ba\" data-element_type=\"widget\" data-widget_type=\"image.default\">\n\t\t\t\t<div class=\"elementor-widget-container\">\n\t\t\t\t\t\t\t\t\t\t\t\t\t<img decoding=\"async\" width=\"800\" height=\"500\" src=\"https:\/\/www.rentago.it\/blog\/wp-content\/uploads\/2024\/05\/getImage-43.jpg\" class=\"attachment-full size-full wp-image-2799\" alt=\"suv elettrici economici\" srcset=\"https:\/\/www.rentago.it\/blog\/wp-content\/uploads\/2024\/05\/getImage-43.jpg 800w, https:\/\/www.rentago.it\/blog\/wp-content\/uploads\/2024\/05\/getImage-43-300x188.jpg 300w, https:\/\/www.rentago.it\/blog\/wp-content\/uploads\/2024\/05\/getImage-43-768x480.jpg 768w\" sizes=\"(max-width: 800px) 100vw, 800px\" \/>\t\t\t\t\t\t\t\t\t\t\t\t\t<\/div>\n\t\t\t\t<\/div>\n\t\t\t\t\t<\/div>\n\t\t<\/div>\n\t\t\t\t<div class=\"elementor-column elementor-col-50 elementor-inner-column elementor-element elementor-element-c97d59a\" data-id=\"c97d59a\" data-element_type=\"column\">\n\t\t\t<div class=\"elementor-widget-wrap elementor-element-populated\">\n\t\t\t\t\t\t<div class=\"elementor-element elementor-element-b759551 elementor-widget elementor-widget-price-table\" data-id=\"b759551\" data-element_type=\"widget\" data-widget_type=\"price-table.default\">\n\t\t\t\t<div class=\"elementor-widget-container\">\n\t\t\t\n\t\t<div class=\"elementor-price-table\">\n\t\t\t\t\t\t\t<div class=\"elementor-price-table__header\">\n\t\t\t\t\t\t\t\t\t\t\t<h3 class=\"elementor-price-table__heading\">\n\t\t\t\t\t\tMG MG4\t\t\t\t\t\t<\/h3>\n\t\t\t\t\t\n\t\t\t\t\t\t\t\t\t\t\t<span class=\"elementor-price-table__subheading\">\n\t\t\t\t\t\t\tNoleggio Lungo Termine\t\t\t\t\t\t<\/span>\n\t\t\t\t\t\t\t\t\t<\/div>\n\t\t\t\n\t\t\t<div class=\"elementor-price-table__price\">\n\t\t\t\t\t\t\t\t<span class=\"elementor-price-table__currency\">&#128;<\/span>\t\t\t\t\t\t\t\t\t<span class=\"elementor-price-table__integer-part\">\n\t\t\t\t\t\t295\t\t\t\t\t<\/span>\n\t\t\t\t\n\t\t\t\t\n\t\t\t\t\n\t\t\t\t\t\t\t\t\t<span class=\"elementor-price-table__period elementor-typo-excluded\">al mese IVA esclua<\/span>\t\t\t\t\t\t\t<\/div>\n\n\t\t\t\t\t\t\t<ul class=\"elementor-price-table__features-list\">\n\t\t\t\t\t\t\t\t\t\t\t<li class=\"elementor-repeater-item-d73df76\">\n\t\t\t\t\t\t\t<div class=\"elementor-price-table__feature-inner\">\n\t\t\t\t\t\t\t\t<i aria-hidden=\"true\" class=\"fas fa-exclamation-triangle\"><\/i>\t\t\t\t\t\t\t\t\t\t\t\t\t\t\t\t\t<span >\n\t\t\t\t\t\t\t\t\t\t i prezzi vengono aggiornati settimanalmente\t\t\t\t\t\t\t\t\t<\/span>\n\t\t\t\t\t\t\t\t\t\t\t\t\t\t\t\t<\/div>\n\t\t\t\t\t\t<\/li>\n\t\t\t\t\t\t\t\t\t<\/ul>\n\t\t\t\n\t\t\t\t\t\t\t<div class=\"elementor-price-table__footer\">\n\t\t\t\t\t\t\t\t\t\t\t<a class=\"elementor-price-table__button elementor-button elementor-size-md\" href=\"https:\/\/www.rentago.it\/noleggio-a-lungo-termine\/veicolo\/475\/mg\/mg4\">\n\t\t\t\t\t\t\tScopri le offerte\t\t\t\t\t\t<\/a>\n\t\t\t\t\t\n\t\t\t\t\t\t\t\t\t\t\t<div class=\"elementor-price-table__additional_info\">\n\t\t\t\t\t\t\tAutonomia fino a 450 chilometri grazie alla batteria da 64 kWh. Il motore elettrico da 204 cavalli offre prestazioni vivaci e una guida fluida.\t\t\t\t\t\t<\/div>\n\t\t\t\t\t\t\t\t\t<\/div>\n\t\t\t\t\t<\/div>\n\n\t\t\t\t<\/div>\n\t\t\t\t<\/div>\n\t\t\t\t\t<\/div>\n\t\t<\/div>\n\t\t\t\t\t<\/div>\n\t\t<\/section>\n\t\t\t\t<div class=\"elementor-element elementor-element-92c95e1 elementor-widget elementor-widget-spacer\" data-id=\"92c95e1\" data-element_type=\"widget\" data-widget_type=\"spacer.default\">\n\t\t\t\t<div class=\"elementor-widget-container\">\n\t\t\t\t\t<div class=\"elementor-spacer\">\n\t\t\t<div class=\"elementor-spacer-inner\"><\/div>\n\t\t<\/div>\n\t\t\t\t<\/div>\n\t\t\t\t<\/div>\n\t\t\t\t<section class=\"elementor-section elementor-inner-section elementor-element elementor-element-bf6bbbb elementor-section-boxed elementor-section-height-default elementor-section-height-default\" data-id=\"bf6bbbb\" data-element_type=\"section\">\n\t\t\t\t\t\t<div class=\"elementor-container elementor-column-gap-default\">\n\t\t\t\t\t<div class=\"elementor-column elementor-col-50 elementor-inner-column elementor-element elementor-element-b8ceab0\" data-id=\"b8ceab0\" data-element_type=\"column\">\n\t\t\t<div class=\"elementor-widget-wrap elementor-element-populated\">\n\t\t\t\t\t\t<div class=\"elementor-element elementor-element-b222f63 elementor-widget elementor-widget-image\" data-id=\"b222f63\" data-element_type=\"widget\" data-widget_type=\"image.default\">\n\t\t\t\t<div class=\"elementor-widget-container\">\n\t\t\t\t\t\t\t\t\t\t\t\t\t<img decoding=\"async\" width=\"800\" height=\"500\" src=\"https:\/\/www.rentago.it\/blog\/wp-content\/uploads\/2024\/05\/getImage-44.jpg\" class=\"attachment-full size-full wp-image-2800\" alt=\"suv elettrici economici\" srcset=\"https:\/\/www.rentago.it\/blog\/wp-content\/uploads\/2024\/05\/getImage-44.jpg 800w, https:\/\/www.rentago.it\/blog\/wp-content\/uploads\/2024\/05\/getImage-44-300x188.jpg 300w, https:\/\/www.rentago.it\/blog\/wp-content\/uploads\/2024\/05\/getImage-44-768x480.jpg 768w\" sizes=\"(max-width: 800px) 100vw, 800px\" \/>\t\t\t\t\t\t\t\t\t\t\t\t\t<\/div>\n\t\t\t\t<\/div>\n\t\t\t\t\t<\/div>\n\t\t<\/div>\n\t\t\t\t<div class=\"elementor-column elementor-col-50 elementor-inner-column elementor-element elementor-element-44ec869\" data-id=\"44ec869\" data-element_type=\"column\">\n\t\t\t<div class=\"elementor-widget-wrap elementor-element-populated\">\n\t\t\t\t\t\t<div class=\"elementor-element elementor-element-848b1ae elementor-widget elementor-widget-price-table\" data-id=\"848b1ae\" data-element_type=\"widget\" data-widget_type=\"price-table.default\">\n\t\t\t\t<div class=\"elementor-widget-container\">\n\t\t\t\n\t\t<div class=\"elementor-price-table\">\n\t\t\t\t\t\t\t<div class=\"elementor-price-table__header\">\n\t\t\t\t\t\t\t\t\t\t\t<h3 class=\"elementor-price-table__heading\">\n\t\t\t\t\t\tFiat 600 e\t\t\t\t\t\t<\/h3>\n\t\t\t\t\t\n\t\t\t\t\t\t\t\t\t\t\t<span class=\"elementor-price-table__subheading\">\n\t\t\t\t\t\t\tNoleggio Lungo Termine\t\t\t\t\t\t<\/span>\n\t\t\t\t\t\t\t\t\t<\/div>\n\t\t\t\n\t\t\t<div class=\"elementor-price-table__price\">\n\t\t\t\t\t\t\t\t<span class=\"elementor-price-table__currency\">&#128;<\/span>\t\t\t\t\t\t\t\t\t<span class=\"elementor-price-table__integer-part\">\n\t\t\t\t\t\t311\t\t\t\t\t<\/span>\n\t\t\t\t\n\t\t\t\t\n\t\t\t\t\n\t\t\t\t\t\t\t\t\t<span class=\"elementor-price-table__period elementor-typo-excluded\">al mese IVA esclua<\/span>\t\t\t\t\t\t\t<\/div>\n\n\t\t\t\t\t\t\t<ul class=\"elementor-price-table__features-list\">\n\t\t\t\t\t\t\t\t\t\t\t<li class=\"elementor-repeater-item-d73df76\">\n\t\t\t\t\t\t\t<div class=\"elementor-price-table__feature-inner\">\n\t\t\t\t\t\t\t\t<i aria-hidden=\"true\" class=\"fas fa-exclamation-triangle\"><\/i>\t\t\t\t\t\t\t\t\t\t\t\t\t\t\t\t\t<span >\n\t\t\t\t\t\t\t\t\t\t i prezzi vengono aggiornati settimanalmente\t\t\t\t\t\t\t\t\t<\/span>\n\t\t\t\t\t\t\t\t\t\t\t\t\t\t\t\t<\/div>\n\t\t\t\t\t\t<\/li>\n\t\t\t\t\t\t\t\t\t<\/ul>\n\t\t\t\n\t\t\t\t\t\t\t<div class=\"elementor-price-table__footer\">\n\t\t\t\t\t\t\t\t\t\t\t<a class=\"elementor-price-table__button elementor-button elementor-size-md\" href=\"https:\/\/www.rentago.it\/noleggio-a-lungo-termine\/veicolo\/650\/fiat\/600e\">\n\t\t\t\t\t\t\tScopri le offerte\t\t\t\t\t\t<\/a>\n\t\t\t\t\t\n\t\t\t\t\t\t\t\t\t\t\t<div class=\"elementor-price-table__additional_info\">\n\t\t\t\t\t\t\tAutonomia fino a 400 chilometri grazie alla batteria da 54 kWh. Il motore elettrico da 156 cavalli offre una guida dinamica e silenziosa.\t\t\t\t\t\t<\/div>\n\t\t\t\t\t\t\t\t\t<\/div>\n\t\t\t\t\t<\/div>\n\n\t\t\t\t<\/div>\n\t\t\t\t<\/div>\n\t\t\t\t\t<\/div>\n\t\t<\/div>\n\t\t\t\t\t<\/div>\n\t\t<\/section>\n\t\t\t\t<div class=\"elementor-element elementor-element-d48150c elementor-widget elementor-widget-spacer\" data-id=\"d48150c\" data-element_type=\"widget\" data-widget_type=\"spacer.default\">\n\t\t\t\t<div class=\"elementor-widget-container\">\n\t\t\t\t\t<div class=\"elementor-spacer\">\n\t\t\t<div class=\"elementor-spacer-inner\"><\/div>\n\t\t<\/div>\n\t\t\t\t<\/div>\n\t\t\t\t<\/div>\n\t\t\t\t<div class=\"elementor-element elementor-element-bfaf7bf elementor-widget elementor-widget-spacer\" data-id=\"bfaf7bf\" data-element_type=\"widget\" data-widget_type=\"spacer.default\">\n\t\t\t\t<div class=\"elementor-widget-container\">\n\t\t\t\t\t<div class=\"elementor-spacer\">\n\t\t\t<div class=\"elementor-spacer-inner\"><\/div>\n\t\t<\/div>\n\t\t\t\t<\/div>\n\t\t\t\t<\/div>\n\t\t\t\t<section class=\"elementor-section elementor-inner-section elementor-element elementor-element-7614778 elementor-section-boxed elementor-section-height-default elementor-section-height-default\" data-id=\"7614778\" data-element_type=\"section\">\n\t\t\t\t\t\t<div class=\"elementor-container elementor-column-gap-default\">\n\t\t\t\t\t<div class=\"elementor-column elementor-col-50 elementor-inner-column elementor-element elementor-element-9feaedc\" data-id=\"9feaedc\" data-element_type=\"column\">\n\t\t\t<div class=\"elementor-widget-wrap elementor-element-populated\">\n\t\t\t\t\t\t<div class=\"elementor-element elementor-element-0018e7d elementor-widget elementor-widget-image\" data-id=\"0018e7d\" data-element_type=\"widget\" data-widget_type=\"image.default\">\n\t\t\t\t<div class=\"elementor-widget-container\">\n\t\t\t\t\t\t\t\t\t\t\t\t\t<img loading=\"lazy\" decoding=\"async\" width=\"800\" height=\"500\" src=\"https:\/\/www.rentago.it\/blog\/wp-content\/uploads\/2024\/05\/getImage-45.jpg\" class=\"attachment-full size-full wp-image-2801\" alt=\"suv elettrici economici\" srcset=\"https:\/\/www.rentago.it\/blog\/wp-content\/uploads\/2024\/05\/getImage-45.jpg 800w, https:\/\/www.rentago.it\/blog\/wp-content\/uploads\/2024\/05\/getImage-45-300x188.jpg 300w, https:\/\/www.rentago.it\/blog\/wp-content\/uploads\/2024\/05\/getImage-45-768x480.jpg 768w\" sizes=\"(max-width: 800px) 100vw, 800px\" \/>\t\t\t\t\t\t\t\t\t\t\t\t\t<\/div>\n\t\t\t\t<\/div>\n\t\t\t\t\t<\/div>\n\t\t<\/div>\n\t\t\t\t<div class=\"elementor-column elementor-col-50 elementor-inner-column elementor-element elementor-element-19b2550\" data-id=\"19b2550\" data-element_type=\"column\">\n\t\t\t<div class=\"elementor-widget-wrap elementor-element-populated\">\n\t\t\t\t\t\t<div class=\"elementor-element elementor-element-14452e1 elementor-widget elementor-widget-price-table\" data-id=\"14452e1\" data-element_type=\"widget\" data-widget_type=\"price-table.default\">\n\t\t\t\t<div class=\"elementor-widget-container\">\n\t\t\t\n\t\t<div class=\"elementor-price-table\">\n\t\t\t\t\t\t\t<div class=\"elementor-price-table__header\">\n\t\t\t\t\t\t\t\t\t\t\t<h3 class=\"elementor-price-table__heading\">\n\t\t\t\t\t\tReanult CAPTUR Eletric\t\t\t\t\t\t<\/h3>\n\t\t\t\t\t\n\t\t\t\t\t\t\t\t\t\t\t<span class=\"elementor-price-table__subheading\">\n\t\t\t\t\t\t\tNoleggio Lungo Termine\t\t\t\t\t\t<\/span>\n\t\t\t\t\t\t\t\t\t<\/div>\n\t\t\t\n\t\t\t<div class=\"elementor-price-table__price\">\n\t\t\t\t\t\t\t\t<span class=\"elementor-price-table__currency\">&#128;<\/span>\t\t\t\t\t\t\t\t\t<span class=\"elementor-price-table__integer-part\">\n\t\t\t\t\t\t339\t\t\t\t\t<\/span>\n\t\t\t\t\n\t\t\t\t\n\t\t\t\t\n\t\t\t\t\t\t\t\t\t<span class=\"elementor-price-table__period elementor-typo-excluded\">al mese IVA esclua<\/span>\t\t\t\t\t\t\t<\/div>\n\n\t\t\t\t\t\t\t<ul class=\"elementor-price-table__features-list\">\n\t\t\t\t\t\t\t\t\t\t\t<li class=\"elementor-repeater-item-d73df76\">\n\t\t\t\t\t\t\t<div class=\"elementor-price-table__feature-inner\">\n\t\t\t\t\t\t\t\t<i aria-hidden=\"true\" class=\"fas fa-exclamation-triangle\"><\/i>\t\t\t\t\t\t\t\t\t\t\t\t\t\t\t\t\t<span >\n\t\t\t\t\t\t\t\t\t\t i prezzi vengono aggiornati settimanalmente\t\t\t\t\t\t\t\t\t<\/span>\n\t\t\t\t\t\t\t\t\t\t\t\t\t\t\t\t<\/div>\n\t\t\t\t\t\t<\/li>\n\t\t\t\t\t\t\t\t\t<\/ul>\n\t\t\t\n\t\t\t\t\t\t\t<div class=\"elementor-price-table__footer\">\n\t\t\t\t\t\t\t\t\t\t\t<a class=\"elementor-price-table__button elementor-button elementor-size-md\" href=\"https:\/\/www.rentago.it\/noleggio-a-lungo-termine\/veicolo\/78\/renault\/captur\/elettrica\">\n\t\t\t\t\t\t\tScopri le offerte\t\t\t\t\t\t<\/a>\n\t\t\t\t\t\n\t\t\t\t\t\t\t\t\t\t\t<div class=\"elementor-price-table__additional_info\">\n\t\t\t\t\t\t\tAutonomia fino a 300 chilometri grazie alla batteria da 50 kWh. Il motore elettrico offre una guida silenziosa e reattiva, ideale per la citt\u00e0.\t\t\t\t\t\t<\/div>\n\t\t\t\t\t\t\t\t\t<\/div>\n\t\t\t\t\t<\/div>\n\n\t\t\t\t<\/div>\n\t\t\t\t<\/div>\n\t\t\t\t\t<\/div>\n\t\t<\/div>\n\t\t\t\t\t<\/div>\n\t\t<\/section>\n\t\t\t\t<div class=\"elementor-element elementor-element-157b123 elementor-widget elementor-widget-spacer\" data-id=\"157b123\" data-element_type=\"widget\" data-widget_type=\"spacer.default\">\n\t\t\t\t<div class=\"elementor-widget-container\">\n\t\t\t\t\t<div class=\"elementor-spacer\">\n\t\t\t<div class=\"elementor-spacer-inner\"><\/div>\n\t\t<\/div>\n\t\t\t\t<\/div>\n\t\t\t\t<\/div>\n\t\t\t\t<section class=\"elementor-section elementor-inner-section elementor-element elementor-element-249a2e9 elementor-section-boxed elementor-section-height-default elementor-section-height-default\" data-id=\"249a2e9\" data-element_type=\"section\">\n\t\t\t\t\t\t<div class=\"elementor-container elementor-column-gap-default\">\n\t\t\t\t\t<div class=\"elementor-column elementor-col-50 elementor-inner-column elementor-element elementor-element-5858439\" data-id=\"5858439\" data-element_type=\"column\">\n\t\t\t<div class=\"elementor-widget-wrap elementor-element-populated\">\n\t\t\t\t\t\t<div class=\"elementor-element elementor-element-e8ca212 elementor-widget elementor-widget-image\" data-id=\"e8ca212\" data-element_type=\"widget\" data-widget_type=\"image.default\">\n\t\t\t\t<div class=\"elementor-widget-container\">\n\t\t\t\t\t\t\t\t\t\t\t\t\t<img loading=\"lazy\" decoding=\"async\" width=\"800\" height=\"500\" src=\"https:\/\/www.rentago.it\/blog\/wp-content\/uploads\/2024\/05\/getImage-46.jpg\" class=\"attachment-full size-full wp-image-2802\" alt=\"suv elettrici economici\" srcset=\"https:\/\/www.rentago.it\/blog\/wp-content\/uploads\/2024\/05\/getImage-46.jpg 800w, https:\/\/www.rentago.it\/blog\/wp-content\/uploads\/2024\/05\/getImage-46-300x188.jpg 300w, https:\/\/www.rentago.it\/blog\/wp-content\/uploads\/2024\/05\/getImage-46-768x480.jpg 768w\" sizes=\"(max-width: 800px) 100vw, 800px\" \/>\t\t\t\t\t\t\t\t\t\t\t\t\t<\/div>\n\t\t\t\t<\/div>\n\t\t\t\t\t<\/div>\n\t\t<\/div>\n\t\t\t\t<div class=\"elementor-column elementor-col-50 elementor-inner-column elementor-element elementor-element-a53ca02\" data-id=\"a53ca02\" data-element_type=\"column\">\n\t\t\t<div class=\"elementor-widget-wrap elementor-element-populated\">\n\t\t\t\t\t\t<div class=\"elementor-element elementor-element-d061ef3 elementor-widget elementor-widget-price-table\" data-id=\"d061ef3\" data-element_type=\"widget\" data-widget_type=\"price-table.default\">\n\t\t\t\t<div class=\"elementor-widget-container\">\n\t\t\t\n\t\t<div class=\"elementor-price-table\">\n\t\t\t\t\t\t\t<div class=\"elementor-price-table__header\">\n\t\t\t\t\t\t\t\t\t\t\t<h3 class=\"elementor-price-table__heading\">\n\t\t\t\t\t\tBYD ATTO 3\t\t\t\t\t\t<\/h3>\n\t\t\t\t\t\n\t\t\t\t\t\t\t\t\t\t\t<span class=\"elementor-price-table__subheading\">\n\t\t\t\t\t\t\tNoleggio Lungo Termine\t\t\t\t\t\t<\/span>\n\t\t\t\t\t\t\t\t\t<\/div>\n\t\t\t\n\t\t\t<div class=\"elementor-price-table__price\">\n\t\t\t\t\t\t\t\t<span class=\"elementor-price-table__currency\">&#128;<\/span>\t\t\t\t\t\t\t\t\t<span class=\"elementor-price-table__integer-part\">\n\t\t\t\t\t\t359\t\t\t\t\t<\/span>\n\t\t\t\t\n\t\t\t\t\n\t\t\t\t\n\t\t\t\t\t\t\t\t\t<span class=\"elementor-price-table__period elementor-typo-excluded\">al mese IVA esclua<\/span>\t\t\t\t\t\t\t<\/div>\n\n\t\t\t\t\t\t\t<ul class=\"elementor-price-table__features-list\">\n\t\t\t\t\t\t\t\t\t\t\t<li class=\"elementor-repeater-item-d73df76\">\n\t\t\t\t\t\t\t<div class=\"elementor-price-table__feature-inner\">\n\t\t\t\t\t\t\t\t<i aria-hidden=\"true\" class=\"fas fa-exclamation-triangle\"><\/i>\t\t\t\t\t\t\t\t\t\t\t\t\t\t\t\t\t<span >\n\t\t\t\t\t\t\t\t\t\t i prezzi vengono aggiornati settimanalmente\t\t\t\t\t\t\t\t\t<\/span>\n\t\t\t\t\t\t\t\t\t\t\t\t\t\t\t\t<\/div>\n\t\t\t\t\t\t<\/li>\n\t\t\t\t\t\t\t\t\t<\/ul>\n\t\t\t\n\t\t\t\t\t\t\t<div class=\"elementor-price-table__footer\">\n\t\t\t\t\t\t\t\t\t\t\t<a class=\"elementor-price-table__button elementor-button elementor-size-md\" href=\"https:\/\/www.rentago.it\/noleggio-a-lungo-termine\/veicolo\/720\/byd\/atto-3\">\n\t\t\t\t\t\t\tScopri le offerte\t\t\t\t\t\t<\/a>\n\t\t\t\t\t\n\t\t\t\t\t\t\t\t\t\t\t<div class=\"elementor-price-table__additional_info\">\n\t\t\t\t\t\t\tAutonomia fino a 420 chilometri grazie alla batteria da 60 kWh. Il motore elettrico da 204 cavalli offre prestazioni vivaci e una guida fluida.\t\t\t\t\t\t<\/div>\n\t\t\t\t\t\t\t\t\t<\/div>\n\t\t\t\t\t<\/div>\n\n\t\t\t\t<\/div>\n\t\t\t\t<\/div>\n\t\t\t\t\t<\/div>\n\t\t<\/div>\n\t\t\t\t\t<\/div>\n\t\t<\/section>\n\t\t\t\t<div class=\"elementor-element elementor-element-dad15a3 elementor-widget elementor-widget-spacer\" data-id=\"dad15a3\" data-element_type=\"widget\" data-widget_type=\"spacer.default\">\n\t\t\t\t<div class=\"elementor-widget-container\">\n\t\t\t\t\t<div class=\"elementor-spacer\">\n\t\t\t<div class=\"elementor-spacer-inner\"><\/div>\n\t\t<\/div>\n\t\t\t\t<\/div>\n\t\t\t\t<\/div>\n\t\t\t\t<div class=\"elementor-element elementor-element-f6c771b elementor-widget elementor-widget-text-editor\" data-id=\"f6c771b\" data-element_type=\"widget\" data-widget_type=\"text-editor.default\">\n\t\t\t\t<div class=\"elementor-widget-container\">\n\t\t\t\t\t\t\t<h3 style=\"font-family: neue-haas-grotesk-text, sans-serif; color: rgb(43, 43, 43); letter-spacing: 0.16px;\"><span style=\"font-size: 30px; font-weight: 600; letter-spacing: 0.16px; font-family: var( --e-global-typography-text-font-family ), Sans-serif;\">Come Risparmiare sull&#8217;Acquisto di un SUV Elettrico: Il Noleggio a Lungo Termine<\/span><br><\/h3>\n<p style=\"letter-spacing: 0.16px;\">Una delle strategie pi\u00f9 efficaci per risparmiare sull&#8217;acquisto di un&nbsp;<span style=\"font-weight: bolder;\">SUV elettrico<\/span>&nbsp;\u00e8 optare per il&nbsp;<span style=\"font-weight: bolder;\">noleggio a lungo termine<\/span>. Questa soluzione offre diversi vantaggi economici e pratici, rendendola un&#8217;opzione sempre pi\u00f9 popolare tra i consumatori.<\/p>\n<h3 style=\"font-family: neue-haas-grotesk-text, sans-serif; color: rgb(43, 43, 43); letter-spacing: 0.16px;\">Vantaggi Economici del Noleggio a Lungo Termine<\/h3>\n<p style=\"letter-spacing: 0.16px;\">Il&nbsp;<span style=\"font-weight: bolder;\">noleggio a lungo termine<\/span>&nbsp;permette di accedere a un&nbsp;<span style=\"font-weight: bolder;\">SUV elettrico<\/span>&nbsp;senza l&#8217;impegno finanziario di un acquisto immediato. Pagando una quota mensile fissa, puoi evitare il&nbsp;<span style=\"font-weight: bolder;\">costo iniziale elevato<\/span>&nbsp;e distribuire la spesa nel tempo. Questo rende pi\u00f9 facile il budget e pu\u00f2 includere servizi come&nbsp;<span style=\"font-weight: bolder;\">manutenzione<\/span>,&nbsp;<span style=\"font-weight: bolder;\">assicurazione<\/span>&nbsp;e&nbsp;<span style=\"font-weight: bolder;\">assistenza stradale<\/span>.<\/p>\n<h3 style=\"font-family: neue-haas-grotesk-text, sans-serif; color: rgb(43, 43, 43); letter-spacing: 0.16px;\">Accesso a Modelli Aggiornati<\/h3>\n<p style=\"letter-spacing: 0.16px;\">Un altro grande vantaggio del noleggio a lungo termine \u00e8 la possibilit\u00e0 di&nbsp;<span style=\"font-weight: bolder;\">aggiornare il veicolo<\/span>&nbsp;al termine del contratto. Questo ti consente di guidare sempre un&nbsp;<span style=\"font-weight: bolder;\">modello nuovo<\/span>&nbsp;con le ultime tecnologie, senza preoccuparti della&nbsp;<span style=\"font-weight: bolder;\">deprezzamento<\/span>&nbsp;del veicolo nel tempo. Inoltre, i modelli pi\u00f9 recenti tendono ad avere&nbsp;<span style=\"font-weight: bolder;\">migliori prestazioni<\/span>&nbsp;e&nbsp;<span style=\"font-weight: bolder;\">autonomia<\/span>.<\/p>\n<h3 style=\"font-family: neue-haas-grotesk-text, sans-serif; color: rgb(43, 43, 43); letter-spacing: 0.16px;\">Riduzione delle Preoccupazioni di Manutenzione<\/h3>\n<p style=\"letter-spacing: 0.16px;\">Con il&nbsp;<span style=\"font-weight: bolder;\">noleggio a lungo termine<\/span>, i costi di&nbsp;<span style=\"font-weight: bolder;\">manutenzione ordinaria<\/span>&nbsp;e straordinaria sono spesso inclusi nel canone mensile. Questo elimina la preoccupazione di&nbsp;<span style=\"font-weight: bolder;\">spese impreviste<\/span>&nbsp;legate alla manutenzione del veicolo. Inoltre, le&nbsp;<span style=\"font-weight: bolder;\">concessionarie<\/span>&nbsp;forniscono servizi di&nbsp;<span style=\"font-weight: bolder;\">assistenza rapida<\/span>, garantendo che il tuo SUV sia sempre in perfette condizioni.<\/p>\n<h3 style=\"font-family: neue-haas-grotesk-text, sans-serif; color: rgb(43, 43, 43); letter-spacing: 0.16px;\">Incentivi Fiscali e Vantaggi Aggiuntivi<\/h3>\n<p style=\"letter-spacing: 0.16px;\">In molti paesi, il&nbsp;<span style=\"font-weight: bolder;\">noleggio di veicoli elettrici<\/span>&nbsp;pu\u00f2 beneficiare di&nbsp;<span style=\"font-weight: bolder;\">incentivi fiscali<\/span>&nbsp;e&nbsp;<span style=\"font-weight: bolder;\">agevolazioni<\/span>. Questi possono includere&nbsp;<span style=\"font-weight: bolder;\">detrazioni<\/span>&nbsp;fiscali,&nbsp;<span style=\"font-weight: bolder;\">accesso a zone a traffico limitato<\/span>&nbsp;e parcheggi agevolati. Verifica le opportunit\u00e0 disponibili nella tua area per massimizzare i risparmi.<\/p>\n<h3 style=\"font-family: neue-haas-grotesk-text, sans-serif; color: rgb(43, 43, 43); letter-spacing: 0.16px;\">Flessibilit\u00e0 Contrattuale<\/h3>\n<p style=\"letter-spacing: 0.16px;\">Il&nbsp;<span style=\"font-weight: bolder;\">noleggio a lungo termine<\/span>&nbsp;offre una grande&nbsp;<span style=\"font-weight: bolder;\">flessibilit\u00e0<\/span>. Puoi scegliere la&nbsp;<span style=\"font-weight: bolder;\">durata del contratto<\/span>&nbsp;e il&nbsp;<span style=\"font-weight: bolder;\">chilometraggio<\/span>&nbsp;in base alle tue esigenze, adattando il piano alle tue abitudini di guida. Al termine del contratto, hai la libert\u00e0 di&nbsp;<span style=\"font-weight: bolder;\">scegliere un nuovo modello<\/span>&nbsp;o di&nbsp;<span style=\"font-weight: bolder;\">rinnovare l&#8217;accordo<\/span>&nbsp;alle condizioni attuali.<\/p>\n<p style=\"letter-spacing: 0.16px;\">Optare per il&nbsp;<span style=\"font-weight: bolder;\">noleggio a lungo termine<\/span>&nbsp;\u00e8 una scelta intelligente per chi vuole godere dei vantaggi di un&nbsp;<span style=\"font-weight: bolder;\">SUV elettrico<\/span>&nbsp;senza le complessit\u00e0 e i costi di propriet\u00e0. Questa soluzione non solo consente di&nbsp;<span style=\"font-weight: bolder;\">risparmiare<\/span>&nbsp;ma offre anche&nbsp;<span style=\"font-weight: bolder;\">comodit\u00e0<\/span>&nbsp;e&nbsp;<span style=\"font-weight: bolder;\">sicurezza<\/span>&nbsp;nel tempo.<\/p>\n<p style=\"letter-spacing: 0.16px;\">&nbsp;<\/p>\n<h2 style=\"font-family: neue-haas-grotesk-text, sans-serif; color: rgb(43, 43, 43); letter-spacing: 0.16px;\">Riassumendo<\/h2>\n<p style=\"letter-spacing: 0.16px;\">L&#8217;acquisto di un&nbsp;<span style=\"font-weight: bolder;\">SUV elettrico economico<\/span>&nbsp;pu\u00f2 essere un&#8217;ottima scelta per chi desidera unire&nbsp;<span style=\"font-weight: bolder;\">risparmio<\/span>&nbsp;e&nbsp;<span style=\"font-weight: bolder;\">mobilit\u00e0 sostenibile<\/span>. Grazie alla crescente offerta di modelli sul mercato, \u00e8 possibile trovare un SUV elettrico che soddisfi le proprie&nbsp;<span style=\"font-weight: bolder;\">esigenze<\/span>&nbsp;e il proprio&nbsp;<span style=\"font-weight: bolder;\">budget<\/span>.<\/p>\n<p style=\"letter-spacing: 0.16px;\">Ricorda di valutare attentamente tutti i&nbsp;<span style=\"font-weight: bolder;\">fattori<\/span>&nbsp;sopraccitati prima di prendere la tua decisione. Un SUV elettrico non rappresenta solo un investimento economico, ma anche un passo verso un futuro pi\u00f9&nbsp;<span style=\"font-weight: bolder;\">eco-friendly<\/span>&nbsp;e&nbsp;<span style=\"font-weight: bolder;\">tecnologicamente avanzato<\/span>. Prendere in considerazione l&#8217;<span style=\"font-weight: bolder;\">autonomia<\/span>, le&nbsp;<span style=\"font-weight: bolder;\">prestazioni<\/span>, lo&nbsp;<span style=\"font-weight: bolder;\">spazio<\/span>, i&nbsp;<span style=\"font-weight: bolder;\">tempi di ricarica<\/span>&nbsp;e la&nbsp;<span style=\"font-weight: bolder;\">rete di assistenza<\/span>&nbsp;ti aiuter\u00e0 a fare una scelta consapevole e soddisfacente.<\/p>\t\t\t\t\t\t<\/div>\n\t\t\t\t<\/div>\n\t\t\t\t\t<\/div>\n\t\t<\/div>\n\t\t\t\t\t<\/div>\n\t\t<\/section>\n\t\t\t\t<\/div>\n\t\t","protected":false},"excerpt":{"rendered":"<p>In questa guida parliamo dei migliori SUV elettrici economici del 2024, i fattori di scelta e tutto ci\u00f2 che devi sapere prima di noleggiare a lungo termine un veicolo. Introduzione Il mercato dei SUV elettrici \u00e8 in costante crescita, con nuove proposte che si affacciano sempre pi\u00f9 frequentemente. Se da un lato i prezzi dei [&hellip;]<\/p>\n","protected":false},"author":3,"featured_media":2816,"comment_status":"open","ping_status":"open","sticky":false,"template":"","format":"standard","meta":{"_acf_changed":false,"footnotes":""},"categories":[34,36],"tags":[74,237,52,81,236,68,240,83,100,40,48,145,46,233,45,235,234,102,73,158,238,53,99,239,41,91,47,67,232],"acf":[],"_links":{"self":[{"href":"https:\/\/www.rentago.it\/blog\/wp-json\/wp\/v2\/posts\/2795"}],"collection":[{"href":"https:\/\/www.rentago.it\/blog\/wp-json\/wp\/v2\/posts"}],"about":[{"href":"https:\/\/www.rentago.it\/blog\/wp-json\/wp\/v2\/types\/post"}],"author":[{"embeddable":true,"href":"https:\/\/www.rentago.it\/blog\/wp-json\/wp\/v2\/users\/3"}],"replies":[{"embeddable":true,"href":"https:\/\/www.rentago.it\/blog\/wp-json\/wp\/v2\/comments?post=2795"}],"version-history":[{"count":0,"href":"https:\/\/www.rentago.it\/blog\/wp-json\/wp\/v2\/posts\/2795\/revisions"}],"wp:featuredmedia":[{"embeddable":true,"href":"https:\/\/www.rentago.it\/blog\/wp-json\/wp\/v2\/media\/2816"}],"wp:attachment":[{"href":"https:\/\/www.rentago.it\/blog\/wp-json\/wp\/v2\/media?parent=2795"}],"wp:term":[{"taxonomy":"category","embeddable":true,"href":"https:\/\/www.rentago.it\/blog\/wp-json\/wp\/v2\/categories?post=2795"},{"taxonomy":"post_tag","embeddable":true,"href":"https:\/\/www.rentago.it\/blog\/wp-json\/wp\/v2\/tags?post=2795"}],"curies":[{"name":"wp","href":"https:\/\/api.w.org\/{rel}","templated":true}]}}